{"id":2832,"global_id":"ghidlocal.com\/oradea?id=2832","global_id_lineage":["ghidlocal.com\/oradea?id=2832"],"author":"5","status":"publish","date":"2016-08-16 09:10:20","date_utc":"2016-08-16 07:10:20","modified":"2016-08-16 09:10:20","modified_utc":"2016-08-16 07:10:20","url":"https:\/\/ghidlocal.com\/oradea\/eveniment\/recital-de-duete-lapidarium\/","rest_url":"https:\/\/ghidlocal.com\/oradea\/wp-json\/tribe\/events\/v1\/events\/2832","title":"Recital de duete \u00een Lapidarium","description":"<h4 style=\"text-align: justify\">\u00cen colaborare cu Muzeul Cet\u0103\u021bii \u0219i Ora\u0219ului Oradea, mar\u021bi, 16 august 2016, ora 17.00, \u00een Lapidarium, subsol,Corp A, Palatul Princiar din Cetatea din Oradea, grupul Duo Varadiensis, format din Lucian Mali\u021ba \u2013 vioar\u0103 \u0219i Thurzo \u0218andor Jozsef \u2013 viol\u0103, va sus\u021bine un inedit recital de duete.<\/h4>\n<p style=\"text-align: justify\">Este un moment special, deoarece spectaculosul spa\u021biu cu func\u021biune de Lapidarium g\u0103zduie\u0219te pentru prima dat\u0103 un eveniment muzical. Acustica deosebit\u0103 a subsolului Palatului Princiar din Cetatea Oradea aduce un plus valoare monumentului istoric, aici urm\u00e2nd s\u0103 se organizeze, lunar, o astfel de manifestare muzical\u0103.<\/p>\n<p style=\"text-align: justify\"><strong>\u00cen program:<\/strong><br \/>\nW.A. Mozart (1756-1791) din lucrarea \u201dVesperae Solennes de Confessores, K.V. 339\u201d<br \/>\nAria sopranei \u201dLaudate Domnum\u201d<br \/>\nA.B. Bruni (1757-1821): Trois Duetos Concertants, Op. 25, Nr. 1 \u00een Re<br \/>\nIgnaz Pleyel (1757-1831): Duetto \u00een D<br \/>\nFr. X. Tost (1754-1829): Duetto, Nr. 2<br \/>\nMichael Haydn (1737-1806): Sonate \u00een F, Nr. 3<\/p>\n<p style=\"text-align: justify\">Biletul de intrare cost\u0103 3 lei<\/p>\n<p style=\"text-align: justify\"><em>Informa\u021bii preluate de <a href=\"https:\/\/www.facebook.com\/events\/1625439661099429\/\">AICI<\/a>.<\/em><\/p>","excerpt":"<p>\u00cen colaborare cu Muzeul Cet\u0103\u021bii \u0219i Ora\u0219ului Oradea, grupul Duo Varadiensis va sus\u021bine un recital de duete \u00een Lapidarium&#8230;<\/p>","slug":"recital-de-duete-lapidarium","image":{"url":"https:\/\/cdn.cluj.com\/ghidlocalcom\/sites\/2\/2016\/08\/Recital_de_duete_in_Lapidarium_Muzeul_Cetatii_si_Orasului_Oradea.jpg","id":2833,"extension":"jpg","width":682,"height":960,"sizes":{"thumbnail":{"width":150,"height":150,"mime-type":"image\/jpeg","url":"https:\/\/cdn.cluj.com\/ghidlocalcom\/sites\/2\/2016\/08\/Recital_de_duete_in_Lapidarium_Muzeul_Cetatii_si_Orasului_Oradea-150x150.jpg"},"medium":{"width":320,"height":240,"mime-type":"image\/jpeg","url":"https:\/\/cdn.cluj.com\/ghidlocalcom\/sites\/2\/2016\/08\/Recital_de_duete_in_Lapidarium_Muzeul_Cetatii_si_Orasului_Oradea-320x240.jpg"},"event-thumb":{"width":270,"height":180,"mime-type":"image\/jpeg","url":"https:\/\/cdn.cluj.com\/ghidlocalcom\/sites\/2\/2016\/08\/Recital_de_duete_in_Lapidarium_Muzeul_Cetatii_si_Orasului_Oradea-270x180.jpg"},"featured-thumb":{"width":640,"height":480,"mime-type":"image\/jpeg","url":"https:\/\/cdn.cluj.com\/ghidlocalcom\/sites\/2\/2016\/08\/Recital_de_duete_in_Lapidarium_Muzeul_Cetatii_si_Orasului_Oradea-640x480.jpg"},"single-featured":{"width":682,"height":380,"mime-type":"image\/jpeg","url":"https:\/\/cdn.cluj.com\/ghidlocalcom\/sites\/2\/2016\/08\/Recital_de_duete_in_Lapidarium_Muzeul_Cetatii_si_Orasului_Oradea-682x380.jpg"},"large-featured":{"width":682,"height":480,"mime-type":"image\/jpeg","url":"https:\/\/cdn.cluj.com\/ghidlocalcom\/sites\/2\/2016\/08\/Recital_de_duete_in_Lapidarium_Muzeul_Cetatii_si_Orasului_Oradea-682x480.jpg"},"full-single":{"width":682,"height":420,"mime-type":"image\/jpeg","url":"https:\/\/cdn.cluj.com\/ghidlocalcom\/sites\/2\/2016\/08\/Recital_de_duete_in_Lapidarium_Muzeul_Cetatii_si_Orasului_Oradea-682x420.jpg"}}},"all_day":false,"start_date":"2016-08-16 17:00:00","start_date_details":{"year":"2016","month":"08","day":"16","hour":"17","minutes":"00","seconds":"00"},"end_date":"2016-08-16 19:00:00","end_date_details":{"year":"2016","month":"08","day":"16","hour":"19","minutes":"00","seconds":"00"},"utc_start_date":"2016-08-16 15:00:00","utc_start_date_details":{"year":"2016","month":"08","day":"16","hour":"15","minutes":"00","seconds":"00"},"utc_end_date":"2016-08-16 17:00:00","utc_end_date_details":{"year":"2016","month":"08","day":"16","hour":"17","minutes":"00","seconds":"00"},"timezone":"UTC+2","timezone_abbr":"","cost":"","cost_details":{"currency_symbol":"","currency_position":"suffix","values":[]},"website":"www.facebook.com\/events\/1625439661099429","show_map":true,"show_map_link":true,"hide_from_listings":false,"sticky":false,"featured":false,"categories":[{"name":"Concerte","slug":"concerte","term_group":0,"term_taxonomy_id":197,"taxonomy":"tribe_events_cat","description":"","parent":0,"count":566,"filter":"raw","id":197,"urls":{"self":"https:\/\/ghidlocal.com\/oradea\/wp-json\/tribe\/events\/v1\/categories\/197","collection":"https:\/\/ghidlocal.com\/oradea\/wp-json\/tribe\/events\/v1\/categories"}}],"tags":[{"name":"Duo Varadiensis","slug":"duo-varadiensis","term_group":0,"term_taxonomy_id":1393,"taxonomy":"post_tag","description":"","parent":0,"count":4,"filter":"raw","id":1393,"urls":{"self":"https:\/\/ghidlocal.com\/oradea\/wp-json\/tribe\/events\/v1\/tags\/1393","collection":"https:\/\/ghidlocal.com\/oradea\/wp-json\/tribe\/events\/v1\/tags"}},{"name":"Lapidarium","slug":"lapidarium","term_group":0,"term_taxonomy_id":1391,"taxonomy":"post_tag","description":"","parent":0,"count":4,"filter":"raw","id":1391,"urls":{"self":"https:\/\/ghidlocal.com\/oradea\/wp-json\/tribe\/events\/v1\/tags\/1391","collection":"https:\/\/ghidlocal.com\/oradea\/wp-json\/tribe\/events\/v1\/tags"}},{"name":"Muzeul Cetatii si Orasului Oradea","slug":"muzeul-cetatii-si-orasului-oradea","term_group":0,"term_taxonomy_id":1230,"taxonomy":"post_tag","description":"","parent":0,"count":21,"filter":"raw","id":1230,"urls":{"self":"https:\/\/ghidlocal.com\/oradea\/wp-json\/tribe\/events\/v1\/tags\/1230","collection":"https:\/\/ghidlocal.com\/oradea\/wp-json\/tribe\/events\/v1\/tags"}},{"name":"recital de duete","slug":"recital-de-duete","term_group":0,"term_taxonomy_id":1392,"taxonomy":"post_tag","description":"","parent":0,"count":3,"filter":"raw","id":1392,"urls":{"self":"https:\/\/ghidlocal.com\/oradea\/wp-json\/tribe\/events\/v1\/tags\/1392","collection":"https:\/\/ghidlocal.com\/oradea\/wp-json\/tribe\/events\/v1\/tags"}}],"venue":{"id":2834,"author":"5","status":"publish","date":"2016-08-16 09:10:21","date_utc":"2016-08-16 07:10:21","modified":"2016-08-16 09:10:21","modified_utc":"2016-08-16 07:10:21","url":"https:\/\/ghidlocal.com\/oradea\/loc-de-intalnire\/muzeul-cetatii-si-orasului-oradea\/","venue":"Muzeul Cet\u0103\u021bii \u0219i Ora\u0219ului Oradea","slug":"muzeul-cetatii-si-orasului-oradea","address":"Strada Emanoil Gojdu, num\u0103rul 39-41","city":"Oradea","country":"Rom\u00e2nia","province":"Bihor","zip":"410066","phone":" 0743 139 157","website":"www.facebook.com\/muzeucetateoradea\/home","stateprovince":"Bihor","geo_lat":47.0548848,"geo_lng":21.936307,"json_ld":{"@type":"Place","name":"Muzeul Cet\u0103\u021bii \u0219i Ora\u0219ului Oradea","description":"","url":"https:\/\/ghidlocal.com\/oradea\/loc-de-intalnire\/muzeul-cetatii-si-orasului-oradea\/","address":{"@type":"PostalAddress","streetAddress":"Strada Emanoil Gojdu, num\u0103rul 39-41","addressLocality":"Oradea","addressRegion":"Bihor","postalCode":"410066","addressCountry":"Rom\u00e2nia"},"geo":{"@type":"GeoCoordinates","latitude":47.0548848,"longitude":21.936307},"telephone":" 0743 139 157","sameAs":"www.facebook.com\/muzeucetateoradea\/home"},"show_map":true,"show_map_link":true,"global_id":"ghidlocal.com\/oradea?id=2834","global_id_lineage":["ghidlocal.com\/oradea?id=2834"]},"organizer":[{"id":2130,"author":"3","status":"publish","date":"2016-06-24 10:13:54","date_utc":"2016-06-24 08:13:54","modified":"2016-06-24 10:13:54","modified_utc":"2016-06-24 08:13:54","url":"https:\/\/ghidlocal.com\/oradea\/organizator\/muzeul-cetatii-si-orasului-oradea\/","organizer":"Muzeul Cet\u0103\u021bii \u0219i Ora\u0219ului Oradea","slug":"muzeul-cetatii-si-orasului-oradea","website":" turism@oradea.ro","email":" turism@oradea.ro","json_ld":{"@type":"Person","name":"Muzeul Cet\u0103\u021bii \u0219i Ora\u0219ului Oradea","description":"","url":"https:\/\/ghidlocal.com\/oradea\/organizator\/muzeul-cetatii-si-orasului-oradea\/","telephone":"","email":" t&#117;rism&#64;or&#97;dea.&#114;o","sameAs":"http:\/\/turism@oradea.ro"},"global_id":"ghidlocal.com\/oradea?id=2130","global_id_lineage":["ghidlocal.com\/oradea?id=2130"]}],"json_ld":{"@context":"http:\/\/schema.org","@type":"Event","name":"Recital de duete \u00een Lapidarium","description":"&lt;p&gt;\u00cen colaborare cu Muzeul Cet\u0103\u021bii \u0219i Ora\u0219ului Oradea, grupul Duo Varadiensis va sus\u021bine un recital de duete \u00een Lapidarium...&lt;\/p&gt;\\n","image":"https:\/\/cdn.cluj.com\/ghidlocalcom\/sites\/2\/2016\/08\/Recital_de_duete_in_Lapidarium_Muzeul_Cetatii_si_Orasului_Oradea.jpg","url":"https:\/\/ghidlocal.com\/oradea\/eveniment\/recital-de-duete-lapidarium\/","startDate":"2016-08-16T18:00:00+03:00","endDate":"2016-08-16T20:00:00+03:00","location":{"@type":"Place","name":"Muzeul Cet\u0103\u021bii \u0219i Ora\u0219ului Oradea","description":"","url":"https:\/\/ghidlocal.com\/oradea\/loc-de-intalnire\/muzeul-cetatii-si-orasului-oradea\/","address":{"@type":"PostalAddress","streetAddress":"Strada Emanoil Gojdu, num\u0103rul 39-41","addressLocality":"Oradea","addressRegion":"Bihor","postalCode":"410066","addressCountry":"Rom\u00e2nia"},"geo":{"@type":"GeoCoordinates","latitude":47.0548848,"longitude":21.936307},"telephone":" 0743 139 157","sameAs":"www.facebook.com\/muzeucetateoradea\/home"},"organizer":{"@type":"Person","name":"Muzeul Cet\u0103\u021bii \u0219i Ora\u0219ului Oradea","description":"","url":"https:\/\/ghidlocal.com\/oradea\/organizator\/muzeul-cetatii-si-orasului-oradea\/","telephone":"","email":"&#32;&#116;&#117;&#114;&#105;&#115;&#109;&#64;orade&#97;&#46;&#114;o","sameAs":"http:\/\/turism@oradea.ro"},"performer":"Organization"}}