{"id":27171,"global_id":"ghidlocal.com\/oradea?id=27171","global_id_lineage":["ghidlocal.com\/oradea?id=27171"],"author":"3","status":"publish","date":"2019-12-13 14:59:37","date_utc":"2019-12-13 12:59:37","modified":"2019-12-13 14:59:37","modified_utc":"2019-12-13 12:59:37","url":"https:\/\/ghidlocal.com\/oradea\/eveniment\/taina-sfantului-maslu-si-concert-de-colinde-hristos-se-naste\/","rest_url":"https:\/\/ghidlocal.com\/oradea\/wp-json\/tribe\/events\/v1\/events\/27171","title":"Taina Sf\u00e2ntului Maslu \u0219i Concert de Colinde &#8222;Hristos se na\u0219te&#8221;","description":"<p>Iubi\u021bii mei, v\u0103 invit\u0103m s\u0103 fi\u021bi al\u0103turi de noi \u00eencep\u00e2nd cu ora 17.00 la Taina Sf\u00e2ntului Maslu, dup\u0103 care Corul Bisericii noastre v\u0103 va \u00eenc\u00e2nta cu un Concert de Colinde \u00eenchinat Na\u0219terii M\u00e2ntuitorului Iisus Hristos.<\/p>\n<p>\u271d\ufe0f \u2764\ufe0f Maslul este Sf\u00e2nta Tain\u0103 \u00een care, prin rug\u0103ciunile preo\u021bilor \u0219i ungerea bolnavului cu untdelemn sfin\u021bit, se \u00eemp\u0103rt\u0103\u0219e\u0219te harul lui Dumnezeu spre t\u0103m\u0103duirea celui bolnav. Prin boal\u0103 aici \u00een\u021belegem \u00eemboln\u0103virea sufletului sau a trupului. \u00cen aceast\u0103 Sf\u00e2nt\u0103 Tain\u0103, Harul lui Dumnezeu t\u0103m\u0103duie\u0219te trupul de sl\u0103biciuni \u0219i cur\u0103\u021b\u0103 sufletul de p\u0103cate.<\/p>\n<p>\u271d\ufe0f \u2764\ufe0f Dup\u0103 s\u0103v\u00e2r\u0219irea tainei Sf\u00e2ntului Maslu, iubi\u021bi credincio\u0219i, v\u0103 invit\u0103m s\u0103 \u00eent\u00e2mpin\u0103m s\u0103rb\u0103toarea Na\u015fterii Domnului nostru Iisus Hristos, cu cele mai frumoase \u015fi autentice colinde \u00een cadrul concertului organizat de c\u0103tre membrii corului bisericii noastre, \u00eempreun\u0103 cu preotul paroh Paul ERDEI.<\/p>\n<p>\u271d\ufe0f \u2764\ufe0f Concertul de Colinde, un eveniment cu o mare \u00eenc\u0103rc\u0103tur\u0103 sufleteasc\u0103, v-a face ca ora\u0219ul \u0219i comunitatea bisericii s\u0103 tresalte de bucuria s\u0103rb\u0103torilor de iarn\u0103, de bucuria Na\u0219terii M\u00e2ntuitorului Iisus Hristos.<\/p>\n<p> \u271d\ufe0f \u2764\ufe0f Concertul de colinde are ca obiectiv p\u0103strarea \u0219i promovarea colindului cre\u0219tin autentic, a tradi\u0163iilor \u015fi obiceiurilor care trebuie transmise mai departe, \u00een stare nealterat\u0103.<\/p>\n<p>\u2764\ufe0f V\u0103 a\u015ftept\u0103m cu drag \u00een data de 22 Decembrie 2019, ora 17.00 la Biserica Alb\u0103 \u201d\u00cen\u0103l\u0163area Domnului\u201d str. Izvorului nr. 12\/A, Oradea.<\/p>\n<p>https:\/\/www.facebook.com\/events\/513385299256869\/<\/p>","excerpt":"","slug":"taina-sfantului-maslu-si-concert-de-colinde-hristos-se-naste","image":false,"all_day":false,"start_date":"2019-12-22 15:00:00","start_date_details":{"year":"2019","month":"12","day":"22","hour":"15","minutes":"00","seconds":"00"},"end_date":"2019-12-22 18:30:00","end_date_details":{"year":"2019","month":"12","day":"22","hour":"18","minutes":"30","seconds":"00"},"utc_start_date":"2019-12-22 13:00:00","utc_start_date_details":{"year":"2019","month":"12","day":"22","hour":"13","minutes":"00","seconds":"00"},"utc_end_date":"2019-12-22 16:30:00","utc_end_date_details":{"year":"2019","month":"12","day":"22","hour":"16","minutes":"30","seconds":"00"},"timezone":"Europe\/Bucharest","timezone_abbr":"EET","cost":"","cost_details":{"currency_symbol":"","currency_position":"","values":[]},"website":"https:\/\/www.facebook.com\/events\/513385299256869\/","show_map":true,"show_map_link":true,"hide_from_listings":false,"sticky":false,"featured":false,"categories":[],"tags":[],"venue":{"id":27170,"author":"3","status":"publish","date":"2019-12-13 14:59:37","date_utc":"2019-12-13 12:59:37","modified":"2019-12-13 14:59:37","modified_utc":"2019-12-13 12:59:37","url":"https:\/\/ghidlocal.com\/oradea\/loc-de-intalnire\/biserica-alba-inaltarea-domnului-oradea\/","venue":"Biserica Alb\u0103 &#8221;In\u0103l\u021barea Domnului&#8221;, Oradea","slug":"biserica-alba-inaltarea-domnului-oradea","address":"Biserica Alb\u0103 ''In\u0103l\u021barea Domnului'', Oradea","json_ld":{"@type":"Place","name":"Biserica Alb\u0103 &#8221;In\u0103l\u021barea Domnului&#8221;, Oradea","description":"","url":"https:\/\/ghidlocal.com\/oradea\/loc-de-intalnire\/biserica-alba-inaltarea-domnului-oradea\/","address":{"@type":"PostalAddress","streetAddress":"Biserica Alb\u0103 &#039;&#039;In\u0103l\u021barea Domnului&#039;&#039;, Oradea"},"telephone":"","sameAs":""},"show_map":true,"show_map_link":true,"global_id":"ghidlocal.com\/oradea?id=27170","global_id_lineage":["ghidlocal.com\/oradea?id=27170"]},"organizer":[],"json_ld":{"@context":"http:\/\/schema.org","@type":"Event","name":"Taina Sf\u00e2ntului Maslu \u0219i Concert de Colinde &#8222;Hristos se na\u0219te&#8221;","description":"&lt;p&gt;Iubi\u021bii mei, v\u0103 invit\u0103m s\u0103 fi\u021bi al\u0103turi de noi \u00eencep\u00e2nd cu ora 17.00 la Taina Sf\u00e2ntului Maslu, dup\u0103 care Corul Bisericii noastre v\u0103 va \u00eenc\u00e2nta cu un Concert de Colinde \u00eenchinat Na\u0219terii M\u00e2ntuitorului Iisus Hristos.\u271d\ufe0f \u2764\ufe0f Maslul este Sf\u00e2nta Tain\u0103 \u00een care, prin rug\u0103ciunile preo\u021bilor \u0219i ungerea bolnavului cu untdelemn sfin\u021bit, se \u00eemp\u0103rt\u0103\u0219e\u0219te harul lui&hellip;&lt;\/p&gt;\\n","url":"https:\/\/ghidlocal.com\/oradea\/eveniment\/taina-sfantului-maslu-si-concert-de-colinde-hristos-se-naste\/","startDate":"2019-12-22T15:00:00+02:00","endDate":"2019-12-22T18:30:00+02:00","location":{"@type":"Place","name":"Biserica Alb\u0103 &#8221;In\u0103l\u021barea Domnului&#8221;, Oradea","description":"","url":"https:\/\/ghidlocal.com\/oradea\/loc-de-intalnire\/biserica-alba-inaltarea-domnului-oradea\/","address":{"@type":"PostalAddress","streetAddress":"Biserica Alb\u0103 &#039;&#039;In\u0103l\u021barea Domnului&#039;&#039;, Oradea"},"telephone":"","sameAs":""},"performer":"Organization"}}