{"id":27033,"global_id":"ghidlocal.com\/oradea?id=27033","global_id_lineage":["ghidlocal.com\/oradea?id=27033"],"author":"3","status":"publish","date":"2019-12-04 13:07:48","date_utc":"2019-12-04 11:07:48","modified":"2019-12-04 13:07:48","modified_utc":"2019-12-04 11:07:48","url":"https:\/\/ghidlocal.com\/oradea\/eveniment\/la-corinde-de-ti-veni-noi-cu-drag-va-vom-primi\/","rest_url":"https:\/\/ghidlocal.com\/oradea\/wp-json\/tribe\/events\/v1\/events\/27033","title":"La Corinde De-\u021ai Veni, Noi Cu Drag V\u0103 Vom Primi!","description":"<p>Universitatea din Oradea<br \/>Facultatea de \u0218tiin\u021be Socio-Umane<br \/>Departamentul de \u0218tiin\u021be ale Educa\u021biei<br \/>v\u0103 invit\u0103 la spectacolul caritabil:<\/p>\n<p>LA CORINDE DE-\u021aI VENI,<br \/>NOI CU DRAG V\u0102 VOM PRIMI!<\/p>\n<p>S\u0103-i colind\u0103m pe cei pe care \u00eei iubim, pe cei de departe sau pe cei de care ne este dor. Cu siguran\u021b\u0103 colindul nostru va r\u0103suna pentru totdeauna, nu doar pentru o zi, iar binele pe care \u00eel facem pentru al\u021bii, va fi binele pe care ni-l facem nou\u0103 \u00een\u0219ine.<\/p>\n<p>Ac\u021biunea este dedicat\u0103 Asocia\u021biei LUMEA LUI IANNIS care \u00ee\u0219i propune s\u0103 ajute copiii diagnostica\u021bi cu leucemie: https:\/\/ro-ro.facebook.com\/lumealuiiannis\/ <br \/>Persoan\u0103 de contact:<br \/>Loredana Muntean<br \/>mt.loredana@gmail.com<\/p>\n<p>https:\/\/www.facebook.com\/events\/525365908022477\/<\/p>","excerpt":"","slug":"la-corinde-de-ti-veni-noi-cu-drag-va-vom-primi","image":false,"all_day":false,"start_date":"2019-12-04 16:00:00","start_date_details":{"year":"2019","month":"12","day":"04","hour":"16","minutes":"00","seconds":"00"},"end_date":"2019-12-04 18:30:00","end_date_details":{"year":"2019","month":"12","day":"04","hour":"18","minutes":"30","seconds":"00"},"utc_start_date":"2019-12-04 14:00:00","utc_start_date_details":{"year":"2019","month":"12","day":"04","hour":"14","minutes":"00","seconds":"00"},"utc_end_date":"2019-12-04 16:30:00","utc_end_date_details":{"year":"2019","month":"12","day":"04","hour":"16","minutes":"30","seconds":"00"},"timezone":"Europe\/Bucharest","timezone_abbr":"EET","cost":"","cost_details":{"currency_symbol":"","currency_position":"","values":[]},"website":"https:\/\/www.facebook.com\/events\/525365908022477\/","show_map":true,"show_map_link":true,"hide_from_listings":false,"sticky":false,"featured":false,"categories":[],"tags":[],"venue":{"id":24414,"author":"3","status":"publish","date":"2019-01-24 16:05:05","date_utc":"2019-01-24 14:05:05","modified":"2019-01-24 16:05:05","modified_utc":"2019-01-24 14:05:05","url":"https:\/\/ghidlocal.com\/oradea\/loc-de-intalnire\/era-park-oradea-2\/","venue":"Era Park Oradea","slug":"era-park-oradea-2","address":"Era Park Oradea","json_ld":{"@type":"Place","name":"Era Park Oradea","description":"","url":"https:\/\/ghidlocal.com\/oradea\/loc-de-intalnire\/era-park-oradea-2\/","address":{"@type":"PostalAddress","streetAddress":"Era Park Oradea"},"telephone":"","sameAs":""},"show_map":true,"show_map_link":true,"global_id":"ghidlocal.com\/oradea?id=24414","global_id_lineage":["ghidlocal.com\/oradea?id=24414"]},"organizer":[],"json_ld":{"@context":"http:\/\/schema.org","@type":"Event","name":"La Corinde De-\u021ai Veni, Noi Cu Drag V\u0103 Vom Primi!","description":"&lt;p&gt;Universitatea din OradeaFacultatea de \u0218tiin\u021be Socio-UmaneDepartamentul de \u0218tiin\u021be ale Educa\u021bieiv\u0103 invit\u0103 la spectacolul caritabil:LA CORINDE DE-\u021aI VENI,NOI CU DRAG V\u0102 VOM PRIMI!S\u0103-i colind\u0103m pe cei pe care \u00eei iubim, pe cei de departe sau pe cei de care ne este dor. Cu siguran\u021b\u0103 colindul nostru va r\u0103suna pentru totdeauna, nu doar pentru o zi, iar&hellip;&lt;\/p&gt;\\n","url":"https:\/\/ghidlocal.com\/oradea\/eveniment\/la-corinde-de-ti-veni-noi-cu-drag-va-vom-primi\/","startDate":"2019-12-04T16:00:00+02:00","endDate":"2019-12-04T18:30:00+02:00","location":{"@type":"Place","name":"Era Park Oradea","description":"","url":"https:\/\/ghidlocal.com\/oradea\/loc-de-intalnire\/era-park-oradea-2\/","address":{"@type":"PostalAddress","streetAddress":"Era Park Oradea"},"telephone":"","sameAs":""},"performer":"Organization"}}