{"id":26926,"global_id":"ghidlocal.com\/oradea?id=26926","global_id_lineage":["ghidlocal.com\/oradea?id=26926"],"author":"3","status":"publish","date":"2019-11-17 22:54:48","date_utc":"2019-11-17 20:54:48","modified":"2019-11-27 10:00:39","modified_utc":"2019-11-27 08:00:39","url":"https:\/\/ghidlocal.com\/oradea\/eveniment\/concert-extraordinar-din-suflet-de-roman\/","rest_url":"https:\/\/ghidlocal.com\/oradea\/wp-json\/tribe\/events\/v1\/events\/26926","title":"Concert extraordinar &#8211; Din suflet de rom\u00e2n","description":"<p>Ansamblul Academic Na\u021bional de dansuri populare \u201eJoc\u201d din Moldova este un colectiv artistic profesionist cu istorie, fiind fost fondat la Chi\u0219in\u0103u \u00een anul 1945, de c\u0103tre mae\u0219trii de balet L. Leonardi \u0219i L. Zel\u0163man. Ansamblul este format din aproape o sut\u0103 de dansatori \u0219i muzicieni, care prin talent, dedicare \u0219i perseveren\u021b\u0103, reu\u0219esc s\u0103 promoveze tradi\u021biile \u0219i frumuse\u021bea datinilor moldovene\u0219ti at\u00e2t acas\u0103, c\u00e2t \u0219i peste hotare.<\/p>\n<p>Repertoriul vast al ansamblului include dansuri populare specifice poporului moldovenesc dar \u0219i o serie de tablouri \u0219i suite coregrafice precum: \u201eJoc\u201d, \u201eNunta moldoveneasc\u0103\u201d, \u201eOsta\u0219ii lui Cotovschi\u201d, \u201eMun\u021bii Carpa\u021bi\u201d etc. De asemenea, pe l\u00e2ng\u0103 motive din folclorul na\u021bional, arti\u0219tii reu\u0219esc cu succes s\u0103 execute dansuri populare ale altor \u021b\u0103ri \u0219i \u00eembog\u0103\u021besc astfel diversitatea paletei culturale a colectivului din care fac parte.<\/p>\n<p>Mul\u021bi dintre membrii Ansamblului Academic Na\u021bional de dansuri populare \u201eJoc\u201d sunt arti\u0219ti c\u0103rora le-a fost r\u0103spl\u0103tit eforul creativ prin medalii \u0219i titluri onorifice, chiar ansamblului fiindu-i decernat titlul de Colectiv Emerit al RSSM, urm\u00e2nd s\u0103 fie decorat \u0219i cu \u201eOrdinul Republicii\u201d.<\/p>\n<p>De-a lungul anilor, ansamblul de dansuri a participat la peste \u0219apte mii de concerte \u0219i a luat parte la numeroase festivaluri interna\u021bionale, fiind distins cu numeroase medalii \u0219i diplome. \u201eJoc\u201d, a concertat \u00een multe \u021b\u0103ri: Rom\u00e2nia, Rusia, Republica Ceh\u0103, Fran\u021ba, Belgia, Italia, Bulgaria, Germania, Austria, Brazilia, Egipt, Canada, Portugalia \u015f.a.m.d.<\/p>\n<p>Ansamblul Academic Na\u021bional de dansuri populare \u201eJoc\u201d din Moldova se afl\u0103 pentru prima oar\u0103 \u00een Oradea \u0219i \u00eempreun\u0103 cu Ansamblul Artistic Profesionist \u201eCri\u0219ana\u201d vor da na\u0219tere unui spectacol extraordinar, care aduce pe scen\u0103 arti\u0219ti pasiona\u021bi ce vor c\u00e2nta \u0219i vor dansa, celebr\u00e2nd Ziua Na\u021bional\u0103 a Rom\u00e2niei prin tradi\u021bie \u0219i unitate.<\/p>\n<p>Soli\u0219ti:<br \/>\nFelicia Costin<br \/>\nPetric\u0103 Popa<br \/>\nSimona Costin<br \/>\nCornelia Covaciu<br \/>\nLumin\u021ba Tomu\u021ba<br \/>\nCornel Borza<br \/>\nSt\u00e2ngaciu<br \/>\nLeontin Ciucur<\/p>\n<p>Invitate special \u00een concert Mirela M\u0103nescu, Adriana \u0219i Mariana Anghel.<\/p>\n<p>Sunet \u0219i lumini: Impuls Sound<br \/>\nRegia tehnic\u0103: Bogdan Baciu<br \/>\nPrezentarea: Maria Tei\u0219anu \u0219i Miruna Laz\u0103r<br \/>\nScenografia: Oana Cernea<br \/>\nProcesare video: Impress Media<\/p>\n<p>Coregrafi: Ion Bencheci si Prim-maestru de balet Eugen Sandu<br \/>\nAsisten\u021bi coregrafi: Daniel Titi Sandro \u0219i Mircea D\u0103r\u0103ban<br \/>\nTexte: Denisa Pu\u0219c\u0103u<br \/>\nDirijori: Adrian Miescu \u0219i de la Chi\u0219in\u0103u Prim-dirijor Vasile Goia<br \/>\nRegia artistic\u0103: Leontin Ciucur<\/p>\n<p>PREMIERA: Duminic\u0103, 1 decembrie 2019, orele 18.00 &#8211; Casa de Cultur\u0103 a Sindicatelor<\/p>\n<p>? Biletele s-au pus \u00een v\u00e2nzare la Agen\u0163ia de Bilete a Teatrului de mar\u021bi p\u00e2n\u0103 vineri \u00een intervalul orar 12:00 \u2013 18:00 \u0219i s\u00e2mb\u0103t\u0103 \u00eentre orele 10:00 \u2013 13:00. Pute\u0163i achizi\u0163iona bilete \u015fi cu o or\u0103 \u00eenainte spectacol sau online pe www.bilete.ro.<\/p>\n<p>Pentru informa\u0163ii suplimentare \u015fi rezerv\u0103ri de bilete, v\u0103 invit\u0103m s\u0103 suna\u0163i la num\u0103rul de telefon: 0371\/381.550.<\/p>\n<p>https:\/\/www.facebook.com\/events\/848501692249043\/<\/p>","excerpt":"","slug":"concert-extraordinar-din-suflet-de-roman","image":{"url":"https:\/\/cdn.cluj.com\/ghidlocalcom\/sites\/2\/2019\/11\/Concert-extraordinar-Din-suflet-de-roma%CC%82n-.jpg","id":27015,"extension":"jpg","width":960,"height":540,"sizes":{"thumbnail":{"width":150,"height":150,"mime-type":"image\/jpeg","url":"https:\/\/cdn.cluj.com\/ghidlocalcom\/sites\/2\/2019\/11\/Concert-extraordinar-Din-suflet-de-roma%CC%82n--150x150.jpg"},"medium":{"width":320,"height":240,"mime-type":"image\/jpeg","url":"https:\/\/cdn.cluj.com\/ghidlocalcom\/sites\/2\/2019\/11\/Concert-extraordinar-Din-suflet-de-roma%CC%82n--320x240.jpg"},"medium_large":{"width":768,"height":432,"mime-type":"image\/jpeg","url":"https:\/\/cdn.cluj.com\/ghidlocalcom\/sites\/2\/2019\/11\/Concert-extraordinar-Din-suflet-de-roma%CC%82n--768x432.jpg"},"parteneri-logo":{"width":180,"height":180,"mime-type":"image\/jpeg","url":"https:\/\/cdn.cluj.com\/ghidlocalcom\/sites\/2\/2019\/11\/Concert-extraordinar-Din-suflet-de-roma%CC%82n--180x180.jpg"},"event-thumb":{"width":270,"height":180,"mime-type":"image\/jpeg","url":"https:\/\/cdn.cluj.com\/ghidlocalcom\/sites\/2\/2019\/11\/Concert-extraordinar-Din-suflet-de-roma%CC%82n--270x180.jpg"},"loop-thumb":{"width":360,"height":270,"mime-type":"image\/jpeg","url":"https:\/\/cdn.cluj.com\/ghidlocalcom\/sites\/2\/2019\/11\/Concert-extraordinar-Din-suflet-de-roma%CC%82n--360x270.jpg"},"featured-thumb":{"width":640,"height":480,"mime-type":"image\/jpeg","url":"https:\/\/cdn.cluj.com\/ghidlocalcom\/sites\/2\/2019\/11\/Concert-extraordinar-Din-suflet-de-roma%CC%82n--640x480.jpg"},"single-featured":{"width":750,"height":380,"mime-type":"image\/jpeg","url":"https:\/\/cdn.cluj.com\/ghidlocalcom\/sites\/2\/2019\/11\/Concert-extraordinar-Din-suflet-de-roma%CC%82n--750x380.jpg"},"large-featured":{"width":960,"height":480,"mime-type":"image\/jpeg","url":"https:\/\/cdn.cluj.com\/ghidlocalcom\/sites\/2\/2019\/11\/Concert-extraordinar-Din-suflet-de-roma%CC%82n--960x480.jpg"},"full-single":{"width":960,"height":420,"mime-type":"image\/jpeg","url":"https:\/\/cdn.cluj.com\/ghidlocalcom\/sites\/2\/2019\/11\/Concert-extraordinar-Din-suflet-de-roma%CC%82n--960x420.jpg"}}},"all_day":false,"start_date":"2019-12-01 18:00:00","start_date_details":{"year":"2019","month":"12","day":"01","hour":"18","minutes":"00","seconds":"00"},"end_date":"2019-12-01 20:00:00","end_date_details":{"year":"2019","month":"12","day":"01","hour":"20","minutes":"00","seconds":"00"},"utc_start_date":"2019-12-01 16:00:00","utc_start_date_details":{"year":"2019","month":"12","day":"01","hour":"16","minutes":"00","seconds":"00"},"utc_end_date":"2019-12-01 18:00:00","utc_end_date_details":{"year":"2019","month":"12","day":"01","hour":"18","minutes":"00","seconds":"00"},"timezone":"Europe\/Bucharest","timezone_abbr":"EET","cost":"","cost_details":{"currency_symbol":"","currency_position":"suffix","values":[]},"website":"https:\/\/www.facebook.com\/events\/848501692249043\/","show_map":false,"show_map_link":true,"hide_from_listings":false,"sticky":false,"featured":false,"categories":[{"name":"Concerte","slug":"concerte","term_group":0,"term_taxonomy_id":197,"taxonomy":"tribe_events_cat","description":"","parent":0,"count":566,"filter":"raw","id":197,"urls":{"self":"https:\/\/ghidlocal.com\/oradea\/wp-json\/tribe\/events\/v1\/categories\/197","collection":"https:\/\/ghidlocal.com\/oradea\/wp-json\/tribe\/events\/v1\/categories"}}],"tags":[],"venue":{"id":24265,"author":"3","status":"publish","date":"2018-11-23 05:39:14","date_utc":"2018-11-23 03:39:14","modified":"2018-11-23 05:39:14","modified_utc":"2018-11-23 03:39:14","url":"https:\/\/ghidlocal.com\/oradea\/loc-de-intalnire\/casa-de-cultura-a-sindicatelor-oradea-3\/","venue":"Casa de Cultura a Sindicatelor Oradea","slug":"casa-de-cultura-a-sindicatelor-oradea-3","address":"Casa de Cultura a Sindicatelor Oradea","json_ld":{"@type":"Place","name":"Casa de Cultura a Sindicatelor Oradea","description":"","url":"https:\/\/ghidlocal.com\/oradea\/loc-de-intalnire\/casa-de-cultura-a-sindicatelor-oradea-3\/","address":{"@type":"PostalAddress","streetAddress":"Casa de Cultura a Sindicatelor Oradea"},"telephone":"","sameAs":""},"show_map":true,"show_map_link":true,"global_id":"ghidlocal.com\/oradea?id=24265","global_id_lineage":["ghidlocal.com\/oradea?id=24265"]},"organizer":[],"json_ld":{"@context":"http:\/\/schema.org","@type":"Event","name":"Concert extraordinar &#8211; Din suflet de rom\u00e2n","description":"&lt;p&gt;Ansamblul Academic Na\u021bional de dansuri populare \u201eJoc\u201d din Moldova este un colectiv artistic profesionist cu istorie, fiind fost fondat la Chi\u0219in\u0103u \u00een anul 1945, de c\u0103tre mae\u0219trii de balet L. Leonardi \u0219i L. Zel\u0163man. Ansamblul este format din aproape o sut\u0103 de dansatori \u0219i muzicieni, care prin talent, dedicare \u0219i perseveren\u021b\u0103, reu\u0219esc s\u0103 promoveze tradi\u021biile&hellip;&lt;\/p&gt;\\n","image":"https:\/\/cdn.cluj.com\/ghidlocalcom\/sites\/2\/2019\/11\/Concert-extraordinar-Din-suflet-de-roma%CC%82n-.jpg","url":"https:\/\/ghidlocal.com\/oradea\/eveniment\/concert-extraordinar-din-suflet-de-roman\/","startDate":"2019-12-01T18:00:00+02:00","endDate":"2019-12-01T20:00:00+02:00","location":{"@type":"Place","name":"Casa de Cultura a Sindicatelor Oradea","description":"","url":"https:\/\/ghidlocal.com\/oradea\/loc-de-intalnire\/casa-de-cultura-a-sindicatelor-oradea-3\/","address":{"@type":"PostalAddress","streetAddress":"Casa de Cultura a Sindicatelor Oradea"},"telephone":"","sameAs":""},"performer":"Organization"}}