{"id":26743,"global_id":"ghidlocal.com\/oradea?id=26743","global_id_lineage":["ghidlocal.com\/oradea?id=26743"],"author":"3","status":"publish","date":"2019-11-05 12:23:07","date_utc":"2019-11-05 10:23:07","modified":"2019-11-05 13:14:54","modified_utc":"2019-11-05 11:14:54","url":"https:\/\/ghidlocal.com\/oradea\/eveniment\/expozitia-figurilor-de-ceara\/","rest_url":"https:\/\/ghidlocal.com\/oradea\/wp-json\/tribe\/events\/v1\/events\/26743","title":"Expozi\u021bia Figurilor de Cear\u0103","description":"<p>?\u200d\u2640?\u200d\u2642 Hai s\u0103 vezi expozi\u021bia spectaculoas\u0103 a celor 30 de figuri de cear\u0103 inspirate de cele mai faimoase personalit\u0103\u021bi din lume!<\/p>\n<p>? C\u00e2nd? \u00centre 1 &#8211; 24 noiembrie<br \/>\n?Unde? Sub Cupola Era Park Oradea<br \/>\n? Ai ocazia s\u0103 vezi \u0219i s\u0103 te pozezi cu replicile \u00een m\u0103rime natural\u0103 ale Simonei Halep, Ilie N\u0103stase, Regele Mihai, Messi, Ronaldo, Inna, Mr. Bean, Donald Trump, Ariana Grande, Michael Jackson \u0219i mul\u021bi al\u021bii!<\/p>\n<p>? Intrarea se face pe baza biletului care se achizi\u021bioneaz\u0103 din zona evenimentului. Costul biletului este de:<br \/>\n? 20 de lei pentru adul\u021bi<br \/>\n?10 lei pentru copii p\u00e2n\u0103 \u00een 18 ani, studen\u021bi \u0219i pensionari<br \/>\n?5 lei\/copil pentru grupurile organizate (gratuit pentru profesorul \u00eenso\u021bitor)<br \/>\n?Pentru copiii \u00een v\u00e2rst\u0103 de p\u00e2n\u0103 la 6 ani (inclusiv) intrarea este gratuit\u0103<\/p>\n<p>Te a\u0219tept\u0103m! ?<\/p>\n<p>https:\/\/www.facebook.com\/events\/2476875079256822\/<\/p>","excerpt":"","slug":"expozitia-figurilor-de-ceara","image":{"url":"https:\/\/cdn.cluj.com\/ghidlocalcom\/sites\/2\/2019\/09\/Expozit%CC%A6ia-Figurilor-de-Ceara%CC%86-.jpg","id":26768,"extension":"jpg","width":1200,"height":628,"sizes":{"thumbnail":{"width":150,"height":150,"mime-type":"image\/jpeg","url":"https:\/\/cdn.cluj.com\/ghidlocalcom\/sites\/2\/2019\/09\/Expozit%CC%A6ia-Figurilor-de-Ceara%CC%86--150x150.jpg"},"medium":{"width":320,"height":240,"mime-type":"image\/jpeg","url":"https:\/\/cdn.cluj.com\/ghidlocalcom\/sites\/2\/2019\/09\/Expozit%CC%A6ia-Figurilor-de-Ceara%CC%86--320x240.jpg"},"medium_large":{"width":768,"height":402,"mime-type":"image\/jpeg","url":"https:\/\/cdn.cluj.com\/ghidlocalcom\/sites\/2\/2019\/09\/Expozit%CC%A6ia-Figurilor-de-Ceara%CC%86--768x402.jpg"},"large":{"width":1024,"height":536,"mime-type":"image\/jpeg","url":"https:\/\/cdn.cluj.com\/ghidlocalcom\/sites\/2\/2019\/09\/Expozit%CC%A6ia-Figurilor-de-Ceara%CC%86--1024x536.jpg"},"parteneri-logo":{"width":180,"height":180,"mime-type":"image\/jpeg","url":"https:\/\/cdn.cluj.com\/ghidlocalcom\/sites\/2\/2019\/09\/Expozit%CC%A6ia-Figurilor-de-Ceara%CC%86--180x180.jpg"},"event-thumb":{"width":270,"height":180,"mime-type":"image\/jpeg","url":"https:\/\/cdn.cluj.com\/ghidlocalcom\/sites\/2\/2019\/09\/Expozit%CC%A6ia-Figurilor-de-Ceara%CC%86--270x180.jpg"},"loop-thumb":{"width":360,"height":270,"mime-type":"image\/jpeg","url":"https:\/\/cdn.cluj.com\/ghidlocalcom\/sites\/2\/2019\/09\/Expozit%CC%A6ia-Figurilor-de-Ceara%CC%86--360x270.jpg"},"featured-thumb":{"width":640,"height":480,"mime-type":"image\/jpeg","url":"https:\/\/cdn.cluj.com\/ghidlocalcom\/sites\/2\/2019\/09\/Expozit%CC%A6ia-Figurilor-de-Ceara%CC%86--640x480.jpg"},"single-featured":{"width":750,"height":380,"mime-type":"image\/jpeg","url":"https:\/\/cdn.cluj.com\/ghidlocalcom\/sites\/2\/2019\/09\/Expozit%CC%A6ia-Figurilor-de-Ceara%CC%86--750x380.jpg"},"large-featured":{"width":1200,"height":480,"mime-type":"image\/jpeg","url":"https:\/\/cdn.cluj.com\/ghidlocalcom\/sites\/2\/2019\/09\/Expozit%CC%A6ia-Figurilor-de-Ceara%CC%86--1200x480.jpg"},"full-single":{"width":1140,"height":420,"mime-type":"image\/jpeg","url":"https:\/\/cdn.cluj.com\/ghidlocalcom\/sites\/2\/2019\/09\/Expozit%CC%A6ia-Figurilor-de-Ceara%CC%86--1140x420.jpg"}}},"all_day":false,"start_date":"2019-11-05 09:00:00","start_date_details":{"year":"2019","month":"11","day":"05","hour":"09","minutes":"00","seconds":"00"},"end_date":"2019-11-05 20:00:00","end_date_details":{"year":"2019","month":"11","day":"05","hour":"20","minutes":"00","seconds":"00"},"utc_start_date":"2019-11-05 07:00:00","utc_start_date_details":{"year":"2019","month":"11","day":"05","hour":"07","minutes":"00","seconds":"00"},"utc_end_date":"2019-11-05 18:00:00","utc_end_date_details":{"year":"2019","month":"11","day":"05","hour":"18","minutes":"00","seconds":"00"},"timezone":"Europe\/Bucharest","timezone_abbr":"EET","cost":"","cost_details":{"currency_symbol":"","currency_position":"suffix","values":[]},"website":"https:\/\/www.facebook.com\/events\/2476875079256822\/","show_map":true,"show_map_link":true,"hide_from_listings":false,"sticky":false,"featured":false,"categories":[{"name":"Expozi\u021bie","slug":"expozitie","term_group":0,"term_taxonomy_id":1619,"taxonomy":"tribe_events_cat","description":"","parent":0,"count":52,"filter":"raw","id":1619,"urls":{"self":"https:\/\/ghidlocal.com\/oradea\/wp-json\/tribe\/events\/v1\/categories\/1619","collection":"https:\/\/ghidlocal.com\/oradea\/wp-json\/tribe\/events\/v1\/categories"}}],"tags":[],"venue":{"id":24414,"author":"3","status":"publish","date":"2019-01-24 16:05:05","date_utc":"2019-01-24 14:05:05","modified":"2019-01-24 16:05:05","modified_utc":"2019-01-24 14:05:05","url":"https:\/\/ghidlocal.com\/oradea\/loc-de-intalnire\/era-park-oradea-2\/","venue":"Era Park Oradea","slug":"era-park-oradea-2","address":"Era Park Oradea","json_ld":{"@type":"Place","name":"Era Park Oradea","description":"","url":"https:\/\/ghidlocal.com\/oradea\/loc-de-intalnire\/era-park-oradea-2\/","address":{"@type":"PostalAddress","streetAddress":"Era Park Oradea"},"telephone":"","sameAs":""},"show_map":true,"show_map_link":true,"global_id":"ghidlocal.com\/oradea?id=24414","global_id_lineage":["ghidlocal.com\/oradea?id=24414"]},"organizer":[],"json_ld":{"@context":"http:\/\/schema.org","@type":"Event","name":"Expozi\u021bia Figurilor de Cear\u0103","description":"&lt;p&gt;?\u200d\u2640?\u200d\u2642 Hai s\u0103 vezi expozi\u021bia spectaculoas\u0103 a celor 30 de figuri de cear\u0103 inspirate de cele mai faimoase personalit\u0103\u021bi din lume! ? C\u00e2nd? \u00centre 1 - 24 noiembrie ?Unde? Sub Cupola Era Park Oradea ? Ai ocazia s\u0103 vezi \u0219i s\u0103 te pozezi cu replicile \u00een m\u0103rime natural\u0103 ale Simonei Halep, Ilie N\u0103stase, Regele Mihai,&hellip;&lt;\/p&gt;\\n","image":"https:\/\/cdn.cluj.com\/ghidlocalcom\/sites\/2\/2019\/09\/Expozit%CC%A6ia-Figurilor-de-Ceara%CC%86-.jpg","url":"https:\/\/ghidlocal.com\/oradea\/eveniment\/expozitia-figurilor-de-ceara\/","startDate":"2019-11-05T09:00:00+02:00","endDate":"2019-11-05T20:00:00+02:00","location":{"@type":"Place","name":"Era Park Oradea","description":"","url":"https:\/\/ghidlocal.com\/oradea\/loc-de-intalnire\/era-park-oradea-2\/","address":{"@type":"PostalAddress","streetAddress":"Era Park Oradea"},"telephone":"","sameAs":""},"performer":"Organization"}}