{"id":26677,"global_id":"ghidlocal.com\/oradea?id=26677","global_id_lineage":["ghidlocal.com\/oradea?id=26677"],"author":"3","status":"publish","date":"2019-10-30 12:37:50","date_utc":"2019-10-30 10:37:50","modified":"2019-11-12 09:09:17","modified_utc":"2019-11-12 07:09:17","url":"https:\/\/ghidlocal.com\/oradea\/eveniment\/dubla-lansare-de-carte-la-oradea\/","rest_url":"https:\/\/ghidlocal.com\/oradea\/wp-json\/tribe\/events\/v1\/events\/26677","title":"Dubl\u0103 lansare de carte la Oradea","description":"<p>Dup\u0103 doi ani, revin la Oradea cu ultimele dou\u0103 c\u0103r\u021bi, proasp\u0103t ie\u0219ita din tipar Ajut\u0103-m\u0103 s\u0103 nu dispar \u0219i cu deja cunoscuta Privind \u00een\u0103untru. Ne vedem pe 13 noiembrie, la Prim\u0103ria Oradea, al\u0103turi de Orlando Bala\u0219 \u0219i C\u0103t\u0103lin Popa, de la 17.30, s\u0103 citim \u0219i povestim, a\u0219a cum ne iese prea bine \u00eempreun\u0103. V\u0103 a\u0219tept\u0103m!<\/p>\n<p>https:\/\/www.facebook.com\/events\/556196015139682\/<\/p>","excerpt":"","slug":"dubla-lansare-de-carte-la-oradea","image":{"url":"https:\/\/cdn.cluj.com\/ghidlocalcom\/sites\/2\/2019\/11\/Dubla%CC%86-lansare-de-carte-la-Oradea-.jpg","id":26835,"extension":"jpg","width":2048,"height":1448,"sizes":{"thumbnail":{"width":150,"height":150,"mime-type":"image\/jpeg","url":"https:\/\/cdn.cluj.com\/ghidlocalcom\/sites\/2\/2019\/11\/Dubla%CC%86-lansare-de-carte-la-Oradea--150x150.jpg"},"medium":{"width":320,"height":240,"mime-type":"image\/jpeg","url":"https:\/\/cdn.cluj.com\/ghidlocalcom\/sites\/2\/2019\/11\/Dubla%CC%86-lansare-de-carte-la-Oradea--320x240.jpg"},"medium_large":{"width":768,"height":543,"mime-type":"image\/jpeg","url":"https:\/\/cdn.cluj.com\/ghidlocalcom\/sites\/2\/2019\/11\/Dubla%CC%86-lansare-de-carte-la-Oradea--768x543.jpg"},"large":{"width":1024,"height":724,"mime-type":"image\/jpeg","url":"https:\/\/cdn.cluj.com\/ghidlocalcom\/sites\/2\/2019\/11\/Dubla%CC%86-lansare-de-carte-la-Oradea--1024x724.jpg"},"parteneri-logo":{"width":180,"height":180,"mime-type":"image\/jpeg","url":"https:\/\/cdn.cluj.com\/ghidlocalcom\/sites\/2\/2019\/11\/Dubla%CC%86-lansare-de-carte-la-Oradea--180x180.jpg"},"event-thumb":{"width":270,"height":180,"mime-type":"image\/jpeg","url":"https:\/\/cdn.cluj.com\/ghidlocalcom\/sites\/2\/2019\/11\/Dubla%CC%86-lansare-de-carte-la-Oradea--270x180.jpg"},"loop-thumb":{"width":360,"height":270,"mime-type":"image\/jpeg","url":"https:\/\/cdn.cluj.com\/ghidlocalcom\/sites\/2\/2019\/11\/Dubla%CC%86-lansare-de-carte-la-Oradea--360x270.jpg"},"featured-thumb":{"width":640,"height":480,"mime-type":"image\/jpeg","url":"https:\/\/cdn.cluj.com\/ghidlocalcom\/sites\/2\/2019\/11\/Dubla%CC%86-lansare-de-carte-la-Oradea--640x480.jpg"},"single-featured":{"width":750,"height":380,"mime-type":"image\/jpeg","url":"https:\/\/cdn.cluj.com\/ghidlocalcom\/sites\/2\/2019\/11\/Dubla%CC%86-lansare-de-carte-la-Oradea--750x380.jpg"},"large-featured":{"width":1650,"height":480,"mime-type":"image\/jpeg","url":"https:\/\/cdn.cluj.com\/ghidlocalcom\/sites\/2\/2019\/11\/Dubla%CC%86-lansare-de-carte-la-Oradea--1650x480.jpg"},"full-single":{"width":1140,"height":420,"mime-type":"image\/jpeg","url":"https:\/\/cdn.cluj.com\/ghidlocalcom\/sites\/2\/2019\/11\/Dubla%CC%86-lansare-de-carte-la-Oradea--1140x420.jpg"}}},"all_day":false,"start_date":"2019-11-13 17:30:00","start_date_details":{"year":"2019","month":"11","day":"13","hour":"17","minutes":"30","seconds":"00"},"end_date":"2019-11-13 20:00:00","end_date_details":{"year":"2019","month":"11","day":"13","hour":"20","minutes":"00","seconds":"00"},"utc_start_date":"2019-11-13 15:30:00","utc_start_date_details":{"year":"2019","month":"11","day":"13","hour":"15","minutes":"30","seconds":"00"},"utc_end_date":"2019-11-13 18:00:00","utc_end_date_details":{"year":"2019","month":"11","day":"13","hour":"18","minutes":"00","seconds":"00"},"timezone":"Europe\/Bucharest","timezone_abbr":"EET","cost":"","cost_details":{"currency_symbol":"","currency_position":"suffix","values":[]},"website":"https:\/\/www.facebook.com\/events\/556196015139682\/","show_map":false,"show_map_link":true,"hide_from_listings":false,"sticky":false,"featured":false,"categories":[{"name":"Cultural","slug":"cultural","term_group":0,"term_taxonomy_id":200,"taxonomy":"tribe_events_cat","description":"","parent":0,"count":267,"filter":"raw","id":200,"urls":{"self":"https:\/\/ghidlocal.com\/oradea\/wp-json\/tribe\/events\/v1\/categories\/200","collection":"https:\/\/ghidlocal.com\/oradea\/wp-json\/tribe\/events\/v1\/categories"}}],"tags":[],"venue":{"id":25219,"author":"3","status":"publish","date":"2019-04-14 15:09:45","date_utc":"2019-04-14 12:09:45","modified":"2019-04-14 15:09:45","modified_utc":"2019-04-14 12:09:45","url":"https:\/\/ghidlocal.com\/oradea\/loc-de-intalnire\/primaria-oradea\/","venue":"Prim\u0103ria Oradea","slug":"primaria-oradea","address":"Prim\u0103ria Oradea","json_ld":{"@type":"Place","name":"Prim\u0103ria Oradea","description":"","url":"https:\/\/ghidlocal.com\/oradea\/loc-de-intalnire\/primaria-oradea\/","address":{"@type":"PostalAddress","streetAddress":"Prim\u0103ria Oradea"},"telephone":"","sameAs":""},"show_map":true,"show_map_link":true,"global_id":"ghidlocal.com\/oradea?id=25219","global_id_lineage":["ghidlocal.com\/oradea?id=25219"]},"organizer":[],"json_ld":{"@context":"http:\/\/schema.org","@type":"Event","name":"Dubl\u0103 lansare de carte la Oradea","description":"&lt;p&gt;Dup\u0103 doi ani, revin la Oradea cu ultimele dou\u0103 c\u0103r\u021bi, proasp\u0103t ie\u0219ita din tipar Ajut\u0103-m\u0103 s\u0103 nu dispar \u0219i cu deja cunoscuta Privind \u00een\u0103untru. Ne vedem pe 13 noiembrie, la Prim\u0103ria Oradea, al\u0103turi de Orlando Bala\u0219 \u0219i C\u0103t\u0103lin Popa, de la 17.30, s\u0103 citim \u0219i povestim, a\u0219a cum ne iese prea bine \u00eempreun\u0103. V\u0103 a\u0219tept\u0103m!&hellip;&lt;\/p&gt;\\n","image":"https:\/\/cdn.cluj.com\/ghidlocalcom\/sites\/2\/2019\/11\/Dubla%CC%86-lansare-de-carte-la-Oradea-.jpg","url":"https:\/\/ghidlocal.com\/oradea\/eveniment\/dubla-lansare-de-carte-la-oradea\/","startDate":"2019-11-13T17:30:00+02:00","endDate":"2019-11-13T20:00:00+02:00","location":{"@type":"Place","name":"Prim\u0103ria Oradea","description":"","url":"https:\/\/ghidlocal.com\/oradea\/loc-de-intalnire\/primaria-oradea\/","address":{"@type":"PostalAddress","streetAddress":"Prim\u0103ria Oradea"},"telephone":"","sameAs":""},"performer":"Organization"}}