{"id":26507,"global_id":"ghidlocal.com\/oradea?id=26507","global_id_lineage":["ghidlocal.com\/oradea?id=26507"],"author":"3","status":"publish","date":"2019-10-17 10:11:36","date_utc":"2019-10-17 07:11:36","modified":"2019-10-22 16:17:30","modified_utc":"2019-10-22 13:17:30","url":"https:\/\/ghidlocal.com\/oradea\/eveniment\/targul-locurilor-de-munca-si-de-orientare-in-cariera\/","rest_url":"https:\/\/ghidlocal.com\/oradea\/wp-json\/tribe\/events\/v1\/events\/26507","title":"T\u00e2rgul Locurilor de Munc\u0103 \u0219i de Orientare \u00een Carier\u0103","description":"<p>Agen\u021bia Jude\u021bean\u0103 pentru Ocuparea For\u021bei de Munc\u0103 Bihor (A.J.O.F.M.), Societatea de Binefacere \u201dDon Orione\u201d Oradea, Camera de Comer\u021b \u0219i Industrie B\u00e9k\u00e9s, Oficiul Guvernamental B\u00e9k\u00e9s \u0219i Fundatia Judetului B\u00e9k\u00e9s pentru Dezvoltarea Afacerilor, \u00een calitate de parteneri \u00een cadrul proiectului \u201dRe\u021bea transfrontalier\u0103 pentru sus\u021binerea dezvolt\u0103rii carierei profesionale din regiunea de grani\u021b\u0103 \u2013 ROHU 331 &#8211; CAREER\u201d organizeaz\u0103 T\u00c2RGUL LOCURILOR DE MUNC\u0102 \u0218I AL ORIENT\u0102RII \u00ceN CARIER\u0102.<\/p>\n<p>Evenimentul se va desf\u0103\u0219ura \u00een zilele de 23 \u0219i 24 octombrie 2019, \u00een intervalul orar 09:00 \u2013 17:00, \u00een incinta Cet\u0103\u021bii Oradea (accesul se va realiza prin Poarta de Vest).<\/p>\n<p>T\u00c2RGUL LOCURILOR DE MUNC\u0102 \u0218I AL ORIENT\u0102RII \u00ceN CARIER\u0102 este un eveniment de anvergur\u0103 organizat pentru prima dat\u0103 \u00een jude\u021bul Bihor \u0219i \u00een Rom\u00e2nia, \u00een scopul unei mai bune orient\u0103ri \u00een carier\u0103 a elevilor \u0219i absolven\u021bilor.<\/p>\n<p>Vor participa: peste 80 de angajatori, institu\u021bii de \u00eenv\u0103\u021b\u0103m\u00e2nt, furnizori acredita\u021bi de formare profesional\u0103, institu\u021bii publice, etc.<\/p>\n<p>Proiectul \u201dRe\u021bea transfrontalier\u0103 pentru sus\u021binerea dezvolt\u0103rii carierei profesionale din regiunea de grani\u021b\u0103 \u2013 ROHU 331 CAREER\u201d este cofinan\u021bat prin Programul INTERREG V-A Rom\u00e2nia &#8211; Ungaria.<\/p>\n<p>https:\/\/www.facebook.com\/events\/2397496090507206\/<\/p>","excerpt":"","slug":"targul-locurilor-de-munca-si-de-orientare-in-cariera","image":{"url":"https:\/\/cdn.cluj.com\/ghidlocalcom\/sites\/2\/2019\/10\/Ta%CC%82rgul-Locurilor-de-Munca%CC%86-s%CC%A6i-de-Orientare-i%CC%82n-Cariera%CC%86-.jpg","id":26587,"extension":"jpg","width":676,"height":960,"sizes":{"thumbnail":{"width":150,"height":150,"mime-type":"image\/jpeg","url":"https:\/\/cdn.cluj.com\/ghidlocalcom\/sites\/2\/2019\/10\/Ta%CC%82rgul-Locurilor-de-Munca%CC%86-s%CC%A6i-de-Orientare-i%CC%82n-Cariera%CC%86--150x150.jpg"},"medium":{"width":320,"height":240,"mime-type":"image\/jpeg","url":"https:\/\/cdn.cluj.com\/ghidlocalcom\/sites\/2\/2019\/10\/Ta%CC%82rgul-Locurilor-de-Munca%CC%86-s%CC%A6i-de-Orientare-i%CC%82n-Cariera%CC%86--320x240.jpg"},"parteneri-logo":{"width":180,"height":180,"mime-type":"image\/jpeg","url":"https:\/\/cdn.cluj.com\/ghidlocalcom\/sites\/2\/2019\/10\/Ta%CC%82rgul-Locurilor-de-Munca%CC%86-s%CC%A6i-de-Orientare-i%CC%82n-Cariera%CC%86--180x180.jpg"},"event-thumb":{"width":270,"height":180,"mime-type":"image\/jpeg","url":"https:\/\/cdn.cluj.com\/ghidlocalcom\/sites\/2\/2019\/10\/Ta%CC%82rgul-Locurilor-de-Munca%CC%86-s%CC%A6i-de-Orientare-i%CC%82n-Cariera%CC%86--270x180.jpg"},"loop-thumb":{"width":360,"height":270,"mime-type":"image\/jpeg","url":"https:\/\/cdn.cluj.com\/ghidlocalcom\/sites\/2\/2019\/10\/Ta%CC%82rgul-Locurilor-de-Munca%CC%86-s%CC%A6i-de-Orientare-i%CC%82n-Cariera%CC%86--360x270.jpg"},"featured-thumb":{"width":640,"height":480,"mime-type":"image\/jpeg","url":"https:\/\/cdn.cluj.com\/ghidlocalcom\/sites\/2\/2019\/10\/Ta%CC%82rgul-Locurilor-de-Munca%CC%86-s%CC%A6i-de-Orientare-i%CC%82n-Cariera%CC%86--640x480.jpg"},"single-featured":{"width":676,"height":380,"mime-type":"image\/jpeg","url":"https:\/\/cdn.cluj.com\/ghidlocalcom\/sites\/2\/2019\/10\/Ta%CC%82rgul-Locurilor-de-Munca%CC%86-s%CC%A6i-de-Orientare-i%CC%82n-Cariera%CC%86--676x380.jpg"},"large-featured":{"width":676,"height":480,"mime-type":"image\/jpeg","url":"https:\/\/cdn.cluj.com\/ghidlocalcom\/sites\/2\/2019\/10\/Ta%CC%82rgul-Locurilor-de-Munca%CC%86-s%CC%A6i-de-Orientare-i%CC%82n-Cariera%CC%86--676x480.jpg"},"full-single":{"width":676,"height":420,"mime-type":"image\/jpeg","url":"https:\/\/cdn.cluj.com\/ghidlocalcom\/sites\/2\/2019\/10\/Ta%CC%82rgul-Locurilor-de-Munca%CC%86-s%CC%A6i-de-Orientare-i%CC%82n-Cariera%CC%86--676x420.jpg"}}},"all_day":false,"start_date":"2019-10-23 09:00:00","start_date_details":{"year":"2019","month":"10","day":"23","hour":"09","minutes":"00","seconds":"00"},"end_date":"2019-10-24 19:00:00","end_date_details":{"year":"2019","month":"10","day":"24","hour":"19","minutes":"00","seconds":"00"},"utc_start_date":"2019-10-23 06:00:00","utc_start_date_details":{"year":"2019","month":"10","day":"23","hour":"06","minutes":"00","seconds":"00"},"utc_end_date":"2019-10-24 16:00:00","utc_end_date_details":{"year":"2019","month":"10","day":"24","hour":"16","minutes":"00","seconds":"00"},"timezone":"Europe\/Bucharest","timezone_abbr":"EEST","cost":"","cost_details":{"currency_symbol":"","currency_position":"suffix","values":[]},"website":"https:\/\/www.facebook.com\/events\/2397496090507206\/","show_map":true,"show_map_link":true,"hide_from_listings":false,"sticky":false,"featured":false,"categories":[{"name":"Targ","slug":"targ","term_group":0,"term_taxonomy_id":211,"taxonomy":"tribe_events_cat","description":"","parent":0,"count":29,"filter":"raw","id":211,"urls":{"self":"https:\/\/ghidlocal.com\/oradea\/wp-json\/tribe\/events\/v1\/categories\/211","collection":"https:\/\/ghidlocal.com\/oradea\/wp-json\/tribe\/events\/v1\/categories"}}],"tags":[],"venue":{"id":24232,"author":"3","status":"publish","date":"2018-11-23 05:25:21","date_utc":"2018-11-23 03:25:21","modified":"2018-11-23 05:25:21","modified_utc":"2018-11-23 03:25:21","url":"https:\/\/ghidlocal.com\/oradea\/loc-de-intalnire\/cetatea-oradea\/","venue":"Cetatea Oradea","slug":"cetatea-oradea","address":"Cetatea Oradea","json_ld":{"@type":"Place","name":"Cetatea Oradea","description":"","url":"https:\/\/ghidlocal.com\/oradea\/loc-de-intalnire\/cetatea-oradea\/","address":{"@type":"PostalAddress","streetAddress":"Cetatea Oradea"},"telephone":"","sameAs":""},"show_map":true,"show_map_link":true,"global_id":"ghidlocal.com\/oradea?id=24232","global_id_lineage":["ghidlocal.com\/oradea?id=24232"]},"organizer":[],"json_ld":{"@context":"http:\/\/schema.org","@type":"Event","name":"T\u00e2rgul Locurilor de Munc\u0103 \u0219i de Orientare \u00een Carier\u0103","description":"&lt;p&gt;Agen\u021bia Jude\u021bean\u0103 pentru Ocuparea For\u021bei de Munc\u0103 Bihor (A.J.O.F.M.), Societatea de Binefacere \u201dDon Orione\u201d Oradea, Camera de Comer\u021b \u0219i Industrie B\u00e9k\u00e9s, Oficiul Guvernamental B\u00e9k\u00e9s \u0219i Fundatia Judetului B\u00e9k\u00e9s pentru Dezvoltarea Afacerilor, \u00een calitate de parteneri \u00een cadrul proiectului \u201dRe\u021bea transfrontalier\u0103 pentru sus\u021binerea dezvolt\u0103rii carierei profesionale din regiunea de grani\u021b\u0103 \u2013 ROHU 331 - CAREER\u201d organizeaz\u0103&hellip;&lt;\/p&gt;\\n","image":"https:\/\/cdn.cluj.com\/ghidlocalcom\/sites\/2\/2019\/10\/Ta%CC%82rgul-Locurilor-de-Munca%CC%86-s%CC%A6i-de-Orientare-i%CC%82n-Cariera%CC%86-.jpg","url":"https:\/\/ghidlocal.com\/oradea\/eveniment\/targul-locurilor-de-munca-si-de-orientare-in-cariera\/","startDate":"2019-10-23T09:00:00+03:00","endDate":"2019-10-24T19:00:00+03:00","location":{"@type":"Place","name":"Cetatea Oradea","description":"","url":"https:\/\/ghidlocal.com\/oradea\/loc-de-intalnire\/cetatea-oradea\/","address":{"@type":"PostalAddress","streetAddress":"Cetatea Oradea"},"telephone":"","sameAs":""},"performer":"Organization"}}