{"id":26390,"global_id":"ghidlocal.com\/oradea?id=26390","global_id_lineage":["ghidlocal.com\/oradea?id=26390"],"author":"3","status":"publish","date":"2019-10-03 07:51:28","date_utc":"2019-10-03 04:51:28","modified":"2019-10-17 10:17:10","modified_utc":"2019-10-17 07:17:10","url":"https:\/\/ghidlocal.com\/oradea\/eveniment\/omul-recent-si-modernitatile-recente\/","rest_url":"https:\/\/ghidlocal.com\/oradea\/wp-json\/tribe\/events\/v1\/events\/26390","title":"Omul recent \u0219i modernit\u0103\u021bile recente","description":"<p>Oamenii de azi sunt cei mai bine hr\u0103niti, cei mai prosperi, cei mai liberi (sub raportul deplas\u0103rii \u00een spa\u021biu) pe care i-a cunoscut umanitatea. \u00cen acela\u0219i timp, sunt oamenii cei mai slabi de \u00eenger, cei mai dependen\u021bi de confort \u0219i de consum, cei mai aservi\u021bi bunului plac al liberului arbitru, cei mai pu\u021bin autonomi \u00een judec\u0103\u021bile lor, cei mai gregari (fata de Stat), pe care i-a cunoscut vreodat\u0103 umanitatea.<\/p>\n<p>\u00centotdeauna s-a spus despre ei c\u0103 sunt noi, c\u0103 sunt innoi\u021bi. C\u00e2nt\u0103ri\u021bi, sunt \u00eensa prea lejeri. Evalua\u021bi, sunt de tot greoi. Se pare c\u0103 oamenii pe care \u00eei produce \u00eentr-un ritm industrial modernitatea, care \u0219i-a ie\u0219it din propria ne-m\u0103sur\u0103, nu sunt cu adevarat nici noi, nici innoi\u021bi: sunt, asemeni conservelor cu data de expirare pe etichet\u0103, doar recen\u021bi&#8230;<\/p>\n<p>Omul recent este omul care, oric\u00e2t timp ar trece peste el \u0219i oric\u00e2t\u0103 vreme l-ar \u0219lefui, tot rudimentar r\u0103m\u00e2ne. Pentru c\u0103 acest tip uman nu se mai poate sprijini pe existen\u021ba vreunui suflet, nici al lui \u0219i nici al lumii, el nu mai are resursele de a \u00eentemeia nici tradi\u021bii \u0219i nici m\u0103car datini. (&#8230;) De ce? Pentru c\u0103 \u0219i-a pierdut prezen\u021ba. Omul recent este omul care, dorind s\u0103 se sature de toate fenomenele lumii (&#8230;) s-a trezit \u00eentr-o bun\u0103 zi c\u0103 nu mai este dec\u00e2t un epifenomen al curgerii, scurgerii \u0219i prelingerii lor. Este momentul c\u00e2nd Gregor Samsa, dup\u0103 o noapte agitat\u0103 de vise nelini\u0219tite, se treze\u0219te diminea\u021ba metamorfozat \u00eentr-un uria\u0219 g\u00e2ndac.<\/p>\n<p>Pe noi, oare, cum ne va g\u0103si diminea\u021ba?<\/p>\n<p>https:\/\/www.facebook.com\/events\/2464625117113527\/<\/p>","excerpt":"","slug":"omul-recent-si-modernitatile-recente","image":{"url":"https:\/\/cdn.cluj.com\/ghidlocalcom\/sites\/2\/2019\/10\/Omul-recent-s%CC%A6i-modernita%CC%86t%CC%A6ile-recente-.jpg","id":26516,"extension":"jpg","width":960,"height":540,"sizes":{"thumbnail":{"width":150,"height":150,"mime-type":"image\/jpeg","url":"https:\/\/cdn.cluj.com\/ghidlocalcom\/sites\/2\/2019\/10\/Omul-recent-s%CC%A6i-modernita%CC%86t%CC%A6ile-recente--150x150.jpg"},"medium":{"width":320,"height":240,"mime-type":"image\/jpeg","url":"https:\/\/cdn.cluj.com\/ghidlocalcom\/sites\/2\/2019\/10\/Omul-recent-s%CC%A6i-modernita%CC%86t%CC%A6ile-recente--320x240.jpg"},"medium_large":{"width":768,"height":432,"mime-type":"image\/jpeg","url":"https:\/\/cdn.cluj.com\/ghidlocalcom\/sites\/2\/2019\/10\/Omul-recent-s%CC%A6i-modernita%CC%86t%CC%A6ile-recente--768x432.jpg"},"parteneri-logo":{"width":180,"height":180,"mime-type":"image\/jpeg","url":"https:\/\/cdn.cluj.com\/ghidlocalcom\/sites\/2\/2019\/10\/Omul-recent-s%CC%A6i-modernita%CC%86t%CC%A6ile-recente--180x180.jpg"},"event-thumb":{"width":270,"height":180,"mime-type":"image\/jpeg","url":"https:\/\/cdn.cluj.com\/ghidlocalcom\/sites\/2\/2019\/10\/Omul-recent-s%CC%A6i-modernita%CC%86t%CC%A6ile-recente--270x180.jpg"},"loop-thumb":{"width":360,"height":270,"mime-type":"image\/jpeg","url":"https:\/\/cdn.cluj.com\/ghidlocalcom\/sites\/2\/2019\/10\/Omul-recent-s%CC%A6i-modernita%CC%86t%CC%A6ile-recente--360x270.jpg"},"featured-thumb":{"width":640,"height":480,"mime-type":"image\/jpeg","url":"https:\/\/cdn.cluj.com\/ghidlocalcom\/sites\/2\/2019\/10\/Omul-recent-s%CC%A6i-modernita%CC%86t%CC%A6ile-recente--640x480.jpg"},"single-featured":{"width":750,"height":380,"mime-type":"image\/jpeg","url":"https:\/\/cdn.cluj.com\/ghidlocalcom\/sites\/2\/2019\/10\/Omul-recent-s%CC%A6i-modernita%CC%86t%CC%A6ile-recente--750x380.jpg"},"large-featured":{"width":960,"height":480,"mime-type":"image\/jpeg","url":"https:\/\/cdn.cluj.com\/ghidlocalcom\/sites\/2\/2019\/10\/Omul-recent-s%CC%A6i-modernita%CC%86t%CC%A6ile-recente--960x480.jpg"},"full-single":{"width":960,"height":420,"mime-type":"image\/jpeg","url":"https:\/\/cdn.cluj.com\/ghidlocalcom\/sites\/2\/2019\/10\/Omul-recent-s%CC%A6i-modernita%CC%86t%CC%A6ile-recente--960x420.jpg"}}},"all_day":false,"start_date":"2019-10-19 17:00:00","start_date_details":{"year":"2019","month":"10","day":"19","hour":"17","minutes":"00","seconds":"00"},"end_date":"2019-10-19 18:00:00","end_date_details":{"year":"2019","month":"10","day":"19","hour":"18","minutes":"00","seconds":"00"},"utc_start_date":"2019-10-19 14:00:00","utc_start_date_details":{"year":"2019","month":"10","day":"19","hour":"14","minutes":"00","seconds":"00"},"utc_end_date":"2019-10-19 15:00:00","utc_end_date_details":{"year":"2019","month":"10","day":"19","hour":"15","minutes":"00","seconds":"00"},"timezone":"Europe\/Bucharest","timezone_abbr":"EEST","cost":"","cost_details":{"currency_symbol":"","currency_position":"suffix","values":[]},"website":"https:\/\/www.facebook.com\/events\/2464625117113527\/","show_map":true,"show_map_link":true,"hide_from_listings":false,"sticky":false,"featured":false,"categories":[{"name":"Conferinte","slug":"conferinte","term_group":0,"term_taxonomy_id":198,"taxonomy":"tribe_events_cat","description":"","parent":0,"count":83,"filter":"raw","id":198,"urls":{"self":"https:\/\/ghidlocal.com\/oradea\/wp-json\/tribe\/events\/v1\/categories\/198","collection":"https:\/\/ghidlocal.com\/oradea\/wp-json\/tribe\/events\/v1\/categories"}}],"tags":[],"venue":{"id":26389,"author":"3","status":"publish","date":"2019-10-03 07:51:28","date_utc":"2019-10-03 04:51:28","modified":"2019-10-03 07:51:28","modified_utc":"2019-10-03 04:51:28","url":"https:\/\/ghidlocal.com\/oradea\/loc-de-intalnire\/sinagoga-ortodoxa-oradea\/","venue":"Sinagoga Ortodoxa Oradea","slug":"sinagoga-ortodoxa-oradea","address":"Sinagoga Ortodoxa Oradea","json_ld":{"@type":"Place","name":"Sinagoga Ortodoxa Oradea","description":"","url":"https:\/\/ghidlocal.com\/oradea\/loc-de-intalnire\/sinagoga-ortodoxa-oradea\/","address":{"@type":"PostalAddress","streetAddress":"Sinagoga Ortodoxa Oradea"},"telephone":"","sameAs":""},"show_map":true,"show_map_link":true,"global_id":"ghidlocal.com\/oradea?id=26389","global_id_lineage":["ghidlocal.com\/oradea?id=26389"]},"organizer":[],"json_ld":{"@context":"http:\/\/schema.org","@type":"Event","name":"Omul recent \u0219i modernit\u0103\u021bile recente","description":"&lt;p&gt;Oamenii de azi sunt cei mai bine hr\u0103niti, cei mai prosperi, cei mai liberi (sub raportul deplas\u0103rii \u00een spa\u021biu) pe care i-a cunoscut umanitatea. \u00cen acela\u0219i timp, sunt oamenii cei mai slabi de \u00eenger, cei mai dependen\u021bi de confort \u0219i de consum, cei mai aservi\u021bi bunului plac al liberului arbitru, cei mai pu\u021bin autonomi \u00een&hellip;&lt;\/p&gt;\\n","image":"https:\/\/cdn.cluj.com\/ghidlocalcom\/sites\/2\/2019\/10\/Omul-recent-s%CC%A6i-modernita%CC%86t%CC%A6ile-recente-.jpg","url":"https:\/\/ghidlocal.com\/oradea\/eveniment\/omul-recent-si-modernitatile-recente\/","startDate":"2019-10-19T17:00:00+03:00","endDate":"2019-10-19T18:00:00+03:00","location":{"@type":"Place","name":"Sinagoga Ortodoxa Oradea","description":"","url":"https:\/\/ghidlocal.com\/oradea\/loc-de-intalnire\/sinagoga-ortodoxa-oradea\/","address":{"@type":"PostalAddress","streetAddress":"Sinagoga Ortodoxa Oradea"},"telephone":"","sameAs":""},"performer":"Organization"}}