{"id":25774,"global_id":"ghidlocal.com\/oradea?id=25774","global_id_lineage":["ghidlocal.com\/oradea?id=25774"],"author":"3","status":"publish","date":"2019-06-18 09:32:20","date_utc":"2019-06-18 06:32:20","modified":"2019-06-18 09:52:34","modified_utc":"2019-06-18 06:52:34","url":"https:\/\/ghidlocal.com\/oradea\/eveniment\/ia-ti-ia-si-vino-la-oradea-city-tour\/","rest_url":"https:\/\/ghidlocal.com\/oradea\/wp-json\/tribe\/events\/v1\/events\/25774","title":"Ia-ti IA si vino la Oradea City Tour","description":"<p>Oradea City tour sustine Ziua Universala a IEI!<br \/>\n\u00cembrac\u0103 IA sau orice c\u0103ma\u0219\u0103 tradi\u021bional\u0103. IA E\u0218TI TU!<\/p>\n<p>Vino la un tur ghidat de oras, vei descoperi legendele si povestile orasului nostru, poate lucruri noi si interesante despre Oradea&lt;3.<br \/>\nAniversam 6 ani de zi universala a IEI!!<\/p>\n<p>Ziua Universala a Iei este un eveniment global creat pe facebook in ianuarie 2013 de catre comunitatea La blouse roumaine in scopul de a promova IA romaneasca ca parte componenta brandului de tara. Initiativa La blouse roumaine a lansat o adevarata miscare culturala, fara precedent in Romania cat si in Republica Moldova.<br \/>\nEvenimentul a fost fixat pe 24 iunie, odata cu sarbatoarea Sanzienelor si a Sfantului Ioan de Vara. Campania \u201cSanzienele imbraca planeta in IE\u201d desfasurata exclusiv pe facebook a avut un success imens, Ziua Universala a Iei sarbatorindu-se pe 6 continente, in peste 50 de tari si 100 de localitati din intreaga lume. Un moment unic ce ne-a unit mai mult ca niciodata in jurul unuia dintre cele mai frumoase si autentice simboluri romanesti: IA.<\/p>\n<p>Te asteptam,cu drag \ud83d\ude42 &lt;3 !!!<br \/>\nDonatiile sunt binevenite, ne vor ajuta sa continuam proiectul nostru.<\/p>\n<p>Program Duminica 23 iunie 2019:<\/p>\n<p>\u201cLegende si povesti de ziua IEI\u201d<br \/>\nPlecare Teatrul Regina Maria<br \/>\n&#8211; ora 17:00 limba romana, ghid atestat Emilia Gale<\/p>\n<p>Evenimentul este organizat de Oradea City Tour in colaborare cu Scoala de ghizi Oradea si comunitatea IA Oradea, cu sprijinul si sustinerea Bibliotecii Judetene \u201cGheorghe Sincai\u201d Oradea, proiecte si initiative private.<\/p>\n<p>Inscrierea se face completand formularul de mai jos:<br \/>\nhttps:\/\/forms.gle\/3cw16ysn7PmUkt346<\/p>\n<p>#IaOradea #ScoalaDeGhiziOradea #OradeaCityTour #24iunie<br \/>\n#LABlouseRoumaine #OradeaHeritage #Sanziene #ProGuide #BibliotecaJudeteanaGheorgheSincai<\/p>\n<p>Contact:<br \/>\nOradea City Tour :<br \/>\nMobil: 0744551797 sau 0744352355<br \/>\nOradea, str. Crinului nr. 5, jud Bihor<\/p>\n<p>https:\/\/www.facebook.com\/events\/1093578127519800\/<\/p>","excerpt":"","slug":"ia-ti-ia-si-vino-la-oradea-city-tour","image":{"url":"https:\/\/cdn.cluj.com\/ghidlocalcom\/sites\/2\/2019\/06\/Ia-ti-IA-si-vino-la-Oradea-City-Tour-.jpg","id":25798,"extension":"jpg","width":1920,"height":1080,"sizes":{"thumbnail":{"width":150,"height":150,"mime-type":"image\/jpeg","url":"https:\/\/cdn.cluj.com\/ghidlocalcom\/sites\/2\/2019\/06\/Ia-ti-IA-si-vino-la-Oradea-City-Tour--150x150.jpg"},"medium":{"width":320,"height":240,"mime-type":"image\/jpeg","url":"https:\/\/cdn.cluj.com\/ghidlocalcom\/sites\/2\/2019\/06\/Ia-ti-IA-si-vino-la-Oradea-City-Tour--320x240.jpg"},"medium_large":{"width":768,"height":432,"mime-type":"image\/jpeg","url":"https:\/\/cdn.cluj.com\/ghidlocalcom\/sites\/2\/2019\/06\/Ia-ti-IA-si-vino-la-Oradea-City-Tour--768x432.jpg"},"large":{"width":1024,"height":576,"mime-type":"image\/jpeg","url":"https:\/\/cdn.cluj.com\/ghidlocalcom\/sites\/2\/2019\/06\/Ia-ti-IA-si-vino-la-Oradea-City-Tour--1024x576.jpg"},"parteneri-logo":{"width":180,"height":180,"mime-type":"image\/jpeg","url":"https:\/\/cdn.cluj.com\/ghidlocalcom\/sites\/2\/2019\/06\/Ia-ti-IA-si-vino-la-Oradea-City-Tour--180x180.jpg"},"event-thumb":{"width":270,"height":180,"mime-type":"image\/jpeg","url":"https:\/\/cdn.cluj.com\/ghidlocalcom\/sites\/2\/2019\/06\/Ia-ti-IA-si-vino-la-Oradea-City-Tour--270x180.jpg"},"loop-thumb":{"width":360,"height":270,"mime-type":"image\/jpeg","url":"https:\/\/cdn.cluj.com\/ghidlocalcom\/sites\/2\/2019\/06\/Ia-ti-IA-si-vino-la-Oradea-City-Tour--360x270.jpg"},"featured-thumb":{"width":640,"height":480,"mime-type":"image\/jpeg","url":"https:\/\/cdn.cluj.com\/ghidlocalcom\/sites\/2\/2019\/06\/Ia-ti-IA-si-vino-la-Oradea-City-Tour--640x480.jpg"},"single-featured":{"width":750,"height":380,"mime-type":"image\/jpeg","url":"https:\/\/cdn.cluj.com\/ghidlocalcom\/sites\/2\/2019\/06\/Ia-ti-IA-si-vino-la-Oradea-City-Tour--750x380.jpg"},"large-featured":{"width":1650,"height":480,"mime-type":"image\/jpeg","url":"https:\/\/cdn.cluj.com\/ghidlocalcom\/sites\/2\/2019\/06\/Ia-ti-IA-si-vino-la-Oradea-City-Tour--1650x480.jpg"},"full-single":{"width":1140,"height":420,"mime-type":"image\/jpeg","url":"https:\/\/cdn.cluj.com\/ghidlocalcom\/sites\/2\/2019\/06\/Ia-ti-IA-si-vino-la-Oradea-City-Tour--1140x420.jpg"}}},"all_day":false,"start_date":"2019-06-23 17:00:00","start_date_details":{"year":"2019","month":"06","day":"23","hour":"17","minutes":"00","seconds":"00"},"end_date":"2019-06-23 19:00:00","end_date_details":{"year":"2019","month":"06","day":"23","hour":"19","minutes":"00","seconds":"00"},"utc_start_date":"2019-06-23 14:00:00","utc_start_date_details":{"year":"2019","month":"06","day":"23","hour":"14","minutes":"00","seconds":"00"},"utc_end_date":"2019-06-23 16:00:00","utc_end_date_details":{"year":"2019","month":"06","day":"23","hour":"16","minutes":"00","seconds":"00"},"timezone":"Europe\/Bucharest","timezone_abbr":"EEST","cost":"","cost_details":{"currency_symbol":"","currency_position":"suffix","values":[]},"website":"https:\/\/www.facebook.com\/events\/1093578127519800\/","show_map":true,"show_map_link":true,"hide_from_listings":false,"sticky":false,"featured":false,"categories":[{"name":"Cultural","slug":"cultural","term_group":0,"term_taxonomy_id":200,"taxonomy":"tribe_events_cat","description":"","parent":0,"count":267,"filter":"raw","id":200,"urls":{"self":"https:\/\/ghidlocal.com\/oradea\/wp-json\/tribe\/events\/v1\/categories\/200","collection":"https:\/\/ghidlocal.com\/oradea\/wp-json\/tribe\/events\/v1\/categories"}},{"name":"Turism","slug":"turism","term_group":0,"term_taxonomy_id":213,"taxonomy":"tribe_events_cat","description":"","parent":0,"count":64,"filter":"raw","id":213,"urls":{"self":"https:\/\/ghidlocal.com\/oradea\/wp-json\/tribe\/events\/v1\/categories\/213","collection":"https:\/\/ghidlocal.com\/oradea\/wp-json\/tribe\/events\/v1\/categories"}}],"tags":[],"venue":{"id":24603,"author":"3","status":"publish","date":"2019-02-17 19:33:47","date_utc":"2019-02-17 17:33:47","modified":"2019-02-17 19:33:47","modified_utc":"2019-02-17 17:33:47","url":"https:\/\/ghidlocal.com\/oradea\/loc-de-intalnire\/oradea-city-tour-2\/","venue":"Oradea City Tour","slug":"oradea-city-tour-2","address":"Oradea City Tour","json_ld":{"@type":"Place","name":"Oradea City Tour","description":"","url":"https:\/\/ghidlocal.com\/oradea\/loc-de-intalnire\/oradea-city-tour-2\/","address":{"@type":"PostalAddress","streetAddress":"Oradea City Tour"},"telephone":"","sameAs":""},"show_map":true,"show_map_link":true,"global_id":"ghidlocal.com\/oradea?id=24603","global_id_lineage":["ghidlocal.com\/oradea?id=24603"]},"organizer":[],"json_ld":{"@context":"http:\/\/schema.org","@type":"Event","name":"Ia-ti IA si vino la Oradea City Tour","description":"&lt;p&gt;Oradea City tour sustine Ziua Universala a IEI! \u00cembrac\u0103 IA sau orice c\u0103ma\u0219\u0103 tradi\u021bional\u0103. IA E\u0218TI TU! Vino la un tur ghidat de oras, vei descoperi legendele si povestile orasului nostru, poate lucruri noi si interesante despre Oradea&lt;3. Aniversam 6 ani de zi universala a IEI!! Ziua Universala a Iei este un eveniment global creat&hellip;&lt;\/p&gt;\\n","image":"https:\/\/cdn.cluj.com\/ghidlocalcom\/sites\/2\/2019\/06\/Ia-ti-IA-si-vino-la-Oradea-City-Tour-.jpg","url":"https:\/\/ghidlocal.com\/oradea\/eveniment\/ia-ti-ia-si-vino-la-oradea-city-tour\/","startDate":"2019-06-23T17:00:00+03:00","endDate":"2019-06-23T19:00:00+03:00","location":{"@type":"Place","name":"Oradea City Tour","description":"","url":"https:\/\/ghidlocal.com\/oradea\/loc-de-intalnire\/oradea-city-tour-2\/","address":{"@type":"PostalAddress","streetAddress":"Oradea City Tour"},"telephone":"","sameAs":""},"performer":"Organization"}}