{"id":25739,"global_id":"ghidlocal.com\/oradea?id=25739","global_id_lineage":["ghidlocal.com\/oradea?id=25739"],"author":"3","status":"publish","date":"2019-06-14 10:14:49","date_utc":"2019-06-14 07:14:49","modified":"2019-06-14 10:23:32","modified_utc":"2019-06-14 07:23:32","url":"https:\/\/ghidlocal.com\/oradea\/eveniment\/festivalul-de-lavanda\/","rest_url":"https:\/\/ghidlocal.com\/oradea\/wp-json\/tribe\/events\/v1\/events\/25739","title":"Festivalul de Lavand\u0103","description":"<p>V\u0103 a\u015ftept\u0103m cu mult\u0103 voie bun\u0103, lavand\u0103 \u00eenflorit\u0103, delicatese culinare \u015fi muzic\u0103 live.<\/p>\n<p>https:\/\/www.facebook.com\/events\/358340251552165\/<\/p>","excerpt":"","slug":"festivalul-de-lavanda","image":{"url":"https:\/\/cdn.cluj.com\/ghidlocalcom\/sites\/2\/2019\/06\/Festivalul-de-Lavanda%CC%86-.jpg","id":25755,"extension":"jpg","width":1713,"height":2048,"sizes":{"thumbnail":{"width":150,"height":150,"mime-type":"image\/jpeg","url":"https:\/\/cdn.cluj.com\/ghidlocalcom\/sites\/2\/2019\/06\/Festivalul-de-Lavanda%CC%86--150x150.jpg"},"medium":{"width":320,"height":240,"mime-type":"image\/jpeg","url":"https:\/\/cdn.cluj.com\/ghidlocalcom\/sites\/2\/2019\/06\/Festivalul-de-Lavanda%CC%86--320x240.jpg"},"medium_large":{"width":768,"height":918,"mime-type":"image\/jpeg","url":"https:\/\/cdn.cluj.com\/ghidlocalcom\/sites\/2\/2019\/06\/Festivalul-de-Lavanda%CC%86--768x918.jpg"},"large":{"width":857,"height":1024,"mime-type":"image\/jpeg","url":"https:\/\/cdn.cluj.com\/ghidlocalcom\/sites\/2\/2019\/06\/Festivalul-de-Lavanda%CC%86--857x1024.jpg"},"parteneri-logo":{"width":180,"height":180,"mime-type":"image\/jpeg","url":"https:\/\/cdn.cluj.com\/ghidlocalcom\/sites\/2\/2019\/06\/Festivalul-de-Lavanda%CC%86--180x180.jpg"},"event-thumb":{"width":270,"height":180,"mime-type":"image\/jpeg","url":"https:\/\/cdn.cluj.com\/ghidlocalcom\/sites\/2\/2019\/06\/Festivalul-de-Lavanda%CC%86--270x180.jpg"},"loop-thumb":{"width":360,"height":270,"mime-type":"image\/jpeg","url":"https:\/\/cdn.cluj.com\/ghidlocalcom\/sites\/2\/2019\/06\/Festivalul-de-Lavanda%CC%86--360x270.jpg"},"featured-thumb":{"width":640,"height":480,"mime-type":"image\/jpeg","url":"https:\/\/cdn.cluj.com\/ghidlocalcom\/sites\/2\/2019\/06\/Festivalul-de-Lavanda%CC%86--640x480.jpg"},"single-featured":{"width":750,"height":380,"mime-type":"image\/jpeg","url":"https:\/\/cdn.cluj.com\/ghidlocalcom\/sites\/2\/2019\/06\/Festivalul-de-Lavanda%CC%86--750x380.jpg"},"large-featured":{"width":1650,"height":480,"mime-type":"image\/jpeg","url":"https:\/\/cdn.cluj.com\/ghidlocalcom\/sites\/2\/2019\/06\/Festivalul-de-Lavanda%CC%86--1650x480.jpg"},"full-single":{"width":1140,"height":420,"mime-type":"image\/jpeg","url":"https:\/\/cdn.cluj.com\/ghidlocalcom\/sites\/2\/2019\/06\/Festivalul-de-Lavanda%CC%86--1140x420.jpg"}}},"all_day":false,"start_date":"2019-06-22 07:00:00","start_date_details":{"year":"2019","month":"06","day":"22","hour":"07","minutes":"00","seconds":"00"},"end_date":"2019-06-23 17:00:00","end_date_details":{"year":"2019","month":"06","day":"23","hour":"17","minutes":"00","seconds":"00"},"utc_start_date":"2019-06-22 04:00:00","utc_start_date_details":{"year":"2019","month":"06","day":"22","hour":"04","minutes":"00","seconds":"00"},"utc_end_date":"2019-06-23 14:00:00","utc_end_date_details":{"year":"2019","month":"06","day":"23","hour":"14","minutes":"00","seconds":"00"},"timezone":"Europe\/Bucharest","timezone_abbr":"EEST","cost":"","cost_details":{"currency_symbol":"","currency_position":"suffix","values":[]},"website":"https:\/\/www.facebook.com\/events\/358340251552165\/","show_map":true,"show_map_link":true,"hide_from_listings":false,"sticky":false,"featured":false,"categories":[{"name":"Festival","slug":"festival","term_group":0,"term_taxonomy_id":205,"taxonomy":"tribe_events_cat","description":"","parent":0,"count":79,"filter":"raw","id":205,"urls":{"self":"https:\/\/ghidlocal.com\/oradea\/wp-json\/tribe\/events\/v1\/categories\/205","collection":"https:\/\/ghidlocal.com\/oradea\/wp-json\/tribe\/events\/v1\/categories"}}],"tags":[],"venue":{"id":25738,"author":"3","status":"publish","date":"2019-06-14 10:14:48","date_utc":"2019-06-14 07:14:48","modified":"2019-06-14 10:14:48","modified_utc":"2019-06-14 07:14:48","url":"https:\/\/ghidlocal.com\/oradea\/loc-de-intalnire\/lavender-farm-oradea-2\/","venue":"Lavender Farm Oradea","slug":"lavender-farm-oradea-2","address":"Lavender Farm Oradea","json_ld":{"@type":"Place","name":"Lavender Farm Oradea","description":"","url":"https:\/\/ghidlocal.com\/oradea\/loc-de-intalnire\/lavender-farm-oradea-2\/","address":{"@type":"PostalAddress","streetAddress":"Lavender Farm Oradea"},"telephone":"","sameAs":""},"show_map":true,"show_map_link":true,"global_id":"ghidlocal.com\/oradea?id=25738","global_id_lineage":["ghidlocal.com\/oradea?id=25738"]},"organizer":[],"json_ld":{"@context":"http:\/\/schema.org","@type":"Event","name":"Festivalul de Lavand\u0103","description":"&lt;p&gt;V\u0103 a\u015ftept\u0103m cu mult\u0103 voie bun\u0103, lavand\u0103 \u00eenflorit\u0103, delicatese culinare \u015fi muzic\u0103 live. https:\/\/www.facebook.com\/events\/358340251552165\/&lt;\/p&gt;\\n","image":"https:\/\/cdn.cluj.com\/ghidlocalcom\/sites\/2\/2019\/06\/Festivalul-de-Lavanda%CC%86-.jpg","url":"https:\/\/ghidlocal.com\/oradea\/eveniment\/festivalul-de-lavanda\/","startDate":"2019-06-22T07:00:00+03:00","endDate":"2019-06-23T17:00:00+03:00","location":{"@type":"Place","name":"Lavender Farm Oradea","description":"","url":"https:\/\/ghidlocal.com\/oradea\/loc-de-intalnire\/lavender-farm-oradea-2\/","address":{"@type":"PostalAddress","streetAddress":"Lavender Farm Oradea"},"telephone":"","sameAs":""},"performer":"Organization"}}