{"id":11162,"global_id":"ghidlocal.com\/oradea?id=11162","global_id_lineage":["ghidlocal.com\/oradea?id=11162"],"author":"0","status":"publish","date":"2017-05-05 05:31:12","date_utc":"2017-05-05 03:31:12","modified":"2017-05-10 07:16:40","modified_utc":"2017-05-10 04:16:40","url":"https:\/\/ghidlocal.com\/oradea\/eveniment\/lansare-de-carte-cu-andrei-marga\/","rest_url":"https:\/\/ghidlocal.com\/oradea\/wp-json\/tribe\/events\/v1\/events\/11162","title":"Lansare de carte cu Andrei Marga","description":"<p>Andrei Marga d\u0103 acum \u2013 dup\u0103 volumele sale consacrate unific\u0103rii Europei, profilului Americii clasice \u0219i Chinei confucianiste \u2013 o carte \u00eentitulat\u0103 Emancipare, asimilare, disimilare (Editura Hasefer, Bucure\u0219ti, 2016, 440 pagini), consacrat\u0103 evolu\u021biei evreilor europeni \u00een societatea modern\u0103. <\/p>\n<p>V\u0103 invit\u0103m la lansarea acestui volum pe data de 10 mai, \u00eencep\u00e2nd cu ora 18:00, la libr\u0103ria \u0219i cafeneaua R&amp;R de pe Str. Republicii nr. 22.<br \/>\nInvitat special: autorul, Andrei Marga<br \/>\nVa mai vorbi: Otniel Vere\u0219, Director General R&amp;R Group <\/p>\n<p>Cartea lui Andrei Marga este r\u0103spunsul informat \u0219i sistematic al unui intelectual rom\u00e2n de orientare democratic\u0103 \u00eentr-o tem\u0103 cu implica\u021bii de rar\u0103 bog\u0103\u021bie \u00een contextul interna\u021bional.<\/p>","excerpt":"","slug":"lansare-de-carte-cu-andrei-marga","image":{"url":"https:\/\/cdn.cluj.com\/ghidlocalcom\/sites\/2\/2017\/05\/1c9011fecd165e2f39613738b9bd4daa.jpg","id":11163,"extension":"jpg","width":509,"height":720,"sizes":{"thumbnail":{"width":150,"height":150,"mime-type":"image\/jpeg","url":"https:\/\/cdn.cluj.com\/ghidlocalcom\/sites\/2\/2017\/05\/1c9011fecd165e2f39613738b9bd4daa-150x150.jpg"},"medium":{"width":320,"height":240,"mime-type":"image\/jpeg","url":"https:\/\/cdn.cluj.com\/ghidlocalcom\/sites\/2\/2017\/05\/1c9011fecd165e2f39613738b9bd4daa-320x240.jpg"},"parteneri-logo":{"width":180,"height":180,"mime-type":"image\/jpeg","url":"https:\/\/cdn.cluj.com\/ghidlocalcom\/sites\/2\/2017\/05\/1c9011fecd165e2f39613738b9bd4daa-180x180.jpg"},"event-thumb":{"width":270,"height":180,"mime-type":"image\/jpeg","url":"https:\/\/cdn.cluj.com\/ghidlocalcom\/sites\/2\/2017\/05\/1c9011fecd165e2f39613738b9bd4daa-270x180.jpg"},"loop-thumb":{"width":360,"height":270,"mime-type":"image\/jpeg","url":"https:\/\/cdn.cluj.com\/ghidlocalcom\/sites\/2\/2017\/05\/1c9011fecd165e2f39613738b9bd4daa-360x270.jpg"},"featured-thumb":{"width":509,"height":480,"mime-type":"image\/jpeg","url":"https:\/\/cdn.cluj.com\/ghidlocalcom\/sites\/2\/2017\/05\/1c9011fecd165e2f39613738b9bd4daa-509x480.jpg"},"single-featured":{"width":509,"height":380,"mime-type":"image\/jpeg","url":"https:\/\/cdn.cluj.com\/ghidlocalcom\/sites\/2\/2017\/05\/1c9011fecd165e2f39613738b9bd4daa-509x380.jpg"},"large-featured":{"width":509,"height":480,"mime-type":"image\/jpeg","url":"https:\/\/cdn.cluj.com\/ghidlocalcom\/sites\/2\/2017\/05\/1c9011fecd165e2f39613738b9bd4daa-509x480.jpg"},"full-single":{"width":509,"height":420,"mime-type":"image\/jpeg","url":"https:\/\/cdn.cluj.com\/ghidlocalcom\/sites\/2\/2017\/05\/1c9011fecd165e2f39613738b9bd4daa-509x420.jpg"}}},"all_day":false,"start_date":"2017-05-10 18:00:00","start_date_details":{"year":"2017","month":"05","day":"10","hour":"18","minutes":"00","seconds":"00"},"end_date":"2017-05-10 20:00:00","end_date_details":{"year":"2017","month":"05","day":"10","hour":"20","minutes":"00","seconds":"00"},"utc_start_date":"2017-05-10 15:00:00","utc_start_date_details":{"year":"2017","month":"05","day":"10","hour":"15","minutes":"00","seconds":"00"},"utc_end_date":"2017-05-10 17:00:00","utc_end_date_details":{"year":"2017","month":"05","day":"10","hour":"17","minutes":"00","seconds":"00"},"timezone":"UTC+3","timezone_abbr":"","cost":"","cost_details":{"currency_symbol":"","currency_position":"","values":[]},"website":"https:\/\/www.facebook.com\/events\/1324016734320644","show_map":true,"show_map_link":true,"hide_from_listings":false,"sticky":false,"featured":false,"categories":[{"name":"Educatie","slug":"educatie","term_group":0,"term_taxonomy_id":203,"taxonomy":"tribe_events_cat","description":"","parent":0,"count":257,"filter":"raw","id":203,"urls":{"self":"https:\/\/ghidlocal.com\/oradea\/wp-json\/tribe\/events\/v1\/categories\/203","collection":"https:\/\/ghidlocal.com\/oradea\/wp-json\/tribe\/events\/v1\/categories"}}],"tags":[],"venue":{"id":11442,"status":"publish","date":"2017-05-10 07:16:39","date_utc":"2017-05-10 04:16:39","modified":"2017-05-10 07:16:39","modified_utc":"2017-05-10 04:16:39","url":"https:\/\/ghidlocal.com\/oradea\/loc-de-intalnire\/rr-bookstores-coffeehouses-72\/","venue":"R&amp;R bookstores &amp; coffeehouses","slug":"rr-bookstores-coffeehouses-72","city":"Oradea-Mare","country":"Romania","zip":"410025","geo_lat":47.7995132,"geo_lng":22.855345,"json_ld":{"@type":"Place","name":"R&amp;R bookstores &amp; coffeehouses","description":"","url":"https:\/\/ghidlocal.com\/oradea\/loc-de-intalnire\/rr-bookstores-coffeehouses-72\/","address":{"@type":"PostalAddress","addressLocality":"Oradea-Mare","postalCode":"410025","addressCountry":"Romania"},"geo":{"@type":"GeoCoordinates","latitude":47.7995132,"longitude":22.855345},"telephone":"","sameAs":""},"show_map":false,"show_map_link":false,"global_id":"ghidlocal.com\/oradea?id=11442","global_id_lineage":["ghidlocal.com\/oradea?id=11442"]},"organizer":[{"id":11443,"status":"publish","date":"2017-05-10 07:16:40","date_utc":"2017-05-10 04:16:40","modified":"2017-05-10 07:16:40","modified_utc":"2017-05-10 04:16:40","url":"https:\/\/ghidlocal.com\/oradea\/organizator\/rr-bookstores-coffeehouses-81\/","organizer":"R&amp;R bookstores &amp; coffeehouses","slug":"rr-bookstores-coffeehouses-81","json_ld":{"@type":"Person","name":"R&amp;R bookstores &amp; coffeehouses","description":"","url":"https:\/\/ghidlocal.com\/oradea\/organizator\/rr-bookstores-coffeehouses-81\/","telephone":"","email":"","sameAs":""},"global_id":"ghidlocal.com\/oradea?id=11443","global_id_lineage":["ghidlocal.com\/oradea?id=11443"]}],"json_ld":{"@context":"http:\/\/schema.org","@type":"Event","name":"Lansare de carte cu Andrei Marga","description":"&lt;p&gt;Andrei Marga d\u0103 acum \u2013 dup\u0103 volumele sale consacrate unific\u0103rii Europei, profilului Americii clasice \u0219i Chinei confucianiste \u2013 o carte \u00eentitulat\u0103 Emancipare, asimilare, disimilare (Editura Hasefer, Bucure\u0219ti, 2016, 440 pagini), consacrat\u0103 evolu\u021biei evreilor europeni \u00een societatea modern\u0103. V\u0103 invit\u0103m la lansarea acestui volum pe data de 10 mai, \u00eencep\u00e2nd cu ora 18:00, la libr\u0103ria \u0219i&hellip;&lt;\/p&gt;\\n","image":"https:\/\/cdn.cluj.com\/ghidlocalcom\/sites\/2\/2017\/05\/1c9011fecd165e2f39613738b9bd4daa.jpg","url":"https:\/\/ghidlocal.com\/oradea\/eveniment\/lansare-de-carte-cu-andrei-marga\/","startDate":"2017-05-10T18:00:00+03:00","endDate":"2017-05-10T20:00:00+03:00","location":{"@type":"Place","name":"R&amp;R bookstores &amp; coffeehouses","description":"","url":"https:\/\/ghidlocal.com\/oradea\/loc-de-intalnire\/rr-bookstores-coffeehouses-72\/","address":{"@type":"PostalAddress","addressLocality":"Oradea-Mare","postalCode":"410025","addressCountry":"Romania"},"geo":{"@type":"GeoCoordinates","latitude":47.7995132,"longitude":22.855345},"telephone":"","sameAs":""},"organizer":{"@type":"Person","name":"R&amp;R bookstores &amp; coffeehouses","description":"","url":"https:\/\/ghidlocal.com\/oradea\/organizator\/rr-bookstores-coffeehouses-81\/","telephone":"","email":"","sameAs":""},"performer":"Organization"}}