{"id":39187,"global_id":"ghidlocal.com\/brasov?id=39187","global_id_lineage":["ghidlocal.com\/brasov?id=39187"],"author":"34","status":"publish","date":"2018-02-05 14:00:43","date_utc":"2018-02-05 12:00:43","modified":"2018-02-05 14:00:43","modified_utc":"2018-02-05 12:00:43","url":"https:\/\/ghidlocal.com\/brasov\/eveniment\/mesterim-agenda-zile-de-nastere\/","rest_url":"https:\/\/ghidlocal.com\/brasov\/wp-json\/tribe\/events\/v1\/events\/39187","title":"Me\u0219terim Agenda &#8211;  Zile De Na\u0219tere :)","description":"<p>Salutare me\u0219teri mici \u0219i mari!<br \/>\nA trecut deja o lun\u0103 din an&#8230;c\u00e2teva zile de na\u0219tere ale celor dragi&#8230;ai uitat vreuna?<br \/>\nDe acum \u00eenainte nu ai cum s\u0103 mai ui\u021bi cu Agenda special\u0103 ( 50 cm \u0219i 25 de cercule\u021be) <\/p>\n<p>Hai cu lista zilelelor de na\u0219tere \u0219i o s\u0103 o me\u0219terim \u00eempreun\u0103, o po\u021bi p\u0103stra sau face cadou cuiva drag care uit\u0103 c\u00e2nd e ziua ta! \ud83d\ude09<\/p>\n<p>Contribu\u021bia pentru acest atelier ~ 30 lei<br \/>\n( materialele necesare, ceai bun bun de la JustT \u0219i ceva de ron\u021b\u0103it ) <\/p>\n<p>V\u0103 a\u0219tept\u0103m cu drag \u0219i spor! \ud83d\ude42<br \/>\nGa\u0219ca Arcadia.<\/p>","excerpt":"","slug":"mesterim-agenda-zile-de-nastere","image":{"url":"https:\/\/cdn.cluj.com\/ghidlocalcom\/sites\/6\/2018\/02\/39187_image_27368925_1983054761950188_4207827346215497194_o.jpg","id":39188,"extension":"jpg","width":720,"height":405,"sizes":{"thumbnail":{"width":150,"height":150,"mime-type":"image\/jpeg","url":"https:\/\/cdn.cluj.com\/ghidlocalcom\/sites\/6\/2018\/02\/39187_image_27368925_1983054761950188_4207827346215497194_o-150x150.jpg"},"medium":{"width":320,"height":240,"mime-type":"image\/jpeg","url":"https:\/\/cdn.cluj.com\/ghidlocalcom\/sites\/6\/2018\/02\/39187_image_27368925_1983054761950188_4207827346215497194_o-320x240.jpg"},"parteneri-logo":{"width":180,"height":180,"mime-type":"image\/jpeg","url":"https:\/\/cdn.cluj.com\/ghidlocalcom\/sites\/6\/2018\/02\/39187_image_27368925_1983054761950188_4207827346215497194_o-180x180.jpg"},"event-thumb":{"width":270,"height":180,"mime-type":"image\/jpeg","url":"https:\/\/cdn.cluj.com\/ghidlocalcom\/sites\/6\/2018\/02\/39187_image_27368925_1983054761950188_4207827346215497194_o-270x180.jpg"},"loop-thumb":{"width":360,"height":270,"mime-type":"image\/jpeg","url":"https:\/\/cdn.cluj.com\/ghidlocalcom\/sites\/6\/2018\/02\/39187_image_27368925_1983054761950188_4207827346215497194_o-360x270.jpg"},"featured-thumb":{"width":640,"height":405,"mime-type":"image\/jpeg","url":"https:\/\/cdn.cluj.com\/ghidlocalcom\/sites\/6\/2018\/02\/39187_image_27368925_1983054761950188_4207827346215497194_o-640x405.jpg"},"single-featured":{"width":720,"height":380,"mime-type":"image\/jpeg","url":"https:\/\/cdn.cluj.com\/ghidlocalcom\/sites\/6\/2018\/02\/39187_image_27368925_1983054761950188_4207827346215497194_o-720x380.jpg"}}},"all_day":false,"start_date":"2018-02-09 18:00:00","start_date_details":{"year":"2018","month":"02","day":"09","hour":"18","minutes":"00","seconds":"00"},"end_date":"2018-02-09 20:00:00","end_date_details":{"year":"2018","month":"02","day":"09","hour":"20","minutes":"00","seconds":"00"},"utc_start_date":"2018-02-09 16:00:00","utc_start_date_details":{"year":"2018","month":"02","day":"09","hour":"16","minutes":"00","seconds":"00"},"utc_end_date":"2018-02-09 18:00:00","utc_end_date_details":{"year":"2018","month":"02","day":"09","hour":"18","minutes":"00","seconds":"00"},"timezone":"Europe\/Bucharest","timezone_abbr":"EET","cost":"","cost_details":{"currency_symbol":"","currency_position":"","values":[]},"website":"","show_map":true,"show_map_link":true,"hide_from_listings":false,"sticky":false,"featured":false,"categories":[{"name":"Ateliere Brasov","slug":"ateliere-brasov","term_group":0,"term_taxonomy_id":110,"taxonomy":"tribe_events_cat","description":"","parent":0,"count":446,"filter":"raw","id":110,"urls":{"self":"https:\/\/ghidlocal.com\/brasov\/wp-json\/tribe\/events\/v1\/categories\/110","collection":"https:\/\/ghidlocal.com\/brasov\/wp-json\/tribe\/events\/v1\/categories"}}],"tags":[],"venue":{"id":27105,"author":"34","status":"publish","date":"2017-10-30 09:44:27","date_utc":"2017-10-30 07:44:27","modified":"2017-10-30 09:44:27","modified_utc":"2017-10-30 07:44:27","url":"https:\/\/ghidlocal.com\/brasov\/loc-de-intalnire\/arcadia-brasov\/","venue":"Arcadia Brasov","slug":"arcadia-brasov","address":"Strada Aurel Vlaicu nr 59-61 , la mansarda Centrului Social","city":"Brasov","country":"RO","json_ld":{"@type":"Place","name":"Arcadia Brasov","description":"","url":"https:\/\/ghidlocal.com\/brasov\/loc-de-intalnire\/arcadia-brasov\/","address":{"@type":"PostalAddress","streetAddress":"Strada Aurel Vlaicu nr 59-61 , la mansarda Centrului Social","addressLocality":"Brasov","addressCountry":"RO"},"telephone":"","sameAs":""},"show_map":true,"show_map_link":true,"global_id":"ghidlocal.com\/brasov?id=27105","global_id_lineage":["ghidlocal.com\/brasov?id=27105"]},"organizer":[{"id":27104,"author":"34","status":"publish","date":"2017-10-30 09:44:26","date_utc":"2017-10-30 07:44:26","modified":"2017-10-30 09:44:26","modified_utc":"2017-10-30 07:44:26","url":"https:\/\/ghidlocal.com\/brasov\/organizator\/arcadia-brasov\/","organizer":"Arcadia Brasov","slug":"arcadia-brasov","website":"https:\/\/www.facebook.com\/arcadiabv\/","json_ld":{"@type":"Person","name":"Arcadia Brasov","description":"","url":"https:\/\/ghidlocal.com\/brasov\/organizator\/arcadia-brasov\/","telephone":"","email":"","sameAs":"https:\/\/www.facebook.com\/arcadiabv\/"},"global_id":"ghidlocal.com\/brasov?id=27104","global_id_lineage":["ghidlocal.com\/brasov?id=27104"]}],"json_ld":{"@context":"http:\/\/schema.org","@type":"Event","name":"Me\u0219terim Agenda &#8211;  Zile De Na\u0219tere :)","description":"&lt;p&gt;Salutare me\u0219teri mici \u0219i mari! A trecut deja o lun\u0103 din an...c\u00e2teva zile de na\u0219tere ale celor dragi...ai uitat vreuna? De acum \u00eenainte nu ai cum s\u0103 mai ui\u021bi cu Agenda special\u0103 ( 50 cm \u0219i 25 de cercule\u021be) Hai cu lista zilelelor de na\u0219tere \u0219i o s\u0103 o me\u0219terim \u00eempreun\u0103, o po\u021bi p\u0103stra sau&hellip;&lt;\/p&gt;\\n","image":"https:\/\/cdn.cluj.com\/ghidlocalcom\/sites\/6\/2018\/02\/39187_image_27368925_1983054761950188_4207827346215497194_o.jpg","url":"https:\/\/ghidlocal.com\/brasov\/eveniment\/mesterim-agenda-zile-de-nastere\/","startDate":"2018-02-09T18:00:00+02:00","endDate":"2018-02-09T20:00:00+02:00","location":{"@type":"Place","name":"Arcadia Brasov","description":"","url":"https:\/\/ghidlocal.com\/brasov\/loc-de-intalnire\/arcadia-brasov\/","address":{"@type":"PostalAddress","streetAddress":"Strada Aurel Vlaicu nr 59-61 , la mansarda Centrului Social","addressLocality":"Brasov","addressCountry":"RO"},"telephone":"","sameAs":""},"organizer":{"@type":"Person","name":"Arcadia Brasov","description":"","url":"https:\/\/ghidlocal.com\/brasov\/organizator\/arcadia-brasov\/","telephone":"","email":"","sameAs":"https:\/\/www.facebook.com\/arcadiabv\/"},"performer":"Organization"}}