{"id":36787,"global_id":"ghidlocal.com\/brasov?id=36787","global_id_lineage":["ghidlocal.com\/brasov?id=36787"],"author":"0","status":"publish","date":"2018-01-23 10:06:49","date_utc":"2018-01-23 08:06:49","modified":"2018-01-23 10:06:49","modified_utc":"2018-01-23 08:06:49","url":"https:\/\/ghidlocal.com\/brasov\/eveniment\/ziua-internationala-a-cititului-impreuna-zici-2018\/","rest_url":"https:\/\/ghidlocal.com\/brasov\/wp-json\/tribe\/events\/v1\/events\/36787","title":"Ziua Interna\u021bional\u0103 a Cititului \u00cempreun\u0103 (ZICI) 2018","description":"<p>\u00cen data de 1 februarie 2018, Citim \u00cempreun\u0103 Rom\u00e2nia (CIR) va celebra Ziua Interna\u0163ional\u0103 a Cititului \u00cempreun\u0103 (ZICI) \u00een Rom\u00e2nia, un eveniment global marcat de milioane de oameni \u00een peste 100 de \u021b\u0103ri, organizat de c\u0103tre Lit World (http:\/\/www.litworld.org\/). <\/p>\n<p>Dragostea de lectur\u0103 \u0219i de c\u0103r\u021bi este unul dintre cele mai mari daruri pe care orice adult le poate oferi unui copil. <\/p>\n<p>A\u0219adar, copiii sunt invita\u021bi, joi, 1 februarie, la Casa Junilor, pentru a celebra aceast\u0103 zi, citind  pove\u0219ti din cartea \u201eBasme \u0219i Pove\u0219ti din \u0218cheii Bra\u0219ovului \u0219i de alte plaiuri Ardelene\u201d, \u00eempreun\u0103 cu Lia St\u0103nescu, ilustratorul c\u0103r\u021bii.<br \/>\nCopiii vor avea ocazia  s\u0103 fac\u0103 cuno\u0219tin\u021b\u0103 si cu istoricul Alexandru St\u0103nescu &#8211; autorul c\u0103r\u021bii &#8211; \u0219i s\u0103 admire de aproape c\u00e2teva costume de  juni,  prezente \u00een cartea de pove\u0219ti.<br \/>\nDe asemenea, Lia va purta haine rom\u00e2ne\u0219ti de s\u0103rb\u0103toare din \u0218cheii Bra\u0219ovului, ve\u0219minte \u00een care sunt reprezentate prin\u021besele \u0219i personajele feminine ilustrate \u00een aceast\u0103 carte. <\/p>\n<p>Evenimentul se adreseaz\u0103 copiilor peste 6 ani, care au \u00eenv\u0103\u021bat deja s\u0103 citeasc\u0103. <\/p>\n<p>Intrarea la eveniment este gratuit\u0103, \u00een limita a 20 de locuri. <\/p>\n<p>Participarea se face exclusiv \u00een baza rezerv\u0103rii prealabile, prin mesaj cu titlul \u201eZICI 2018&#8243;, la adresa casajunilor@gmail.com. \u00cen mesajul c\u0103tre noi, va rug\u0103m s\u0103 men\u021biona\u021bi numele participantului, \u00eempreun\u0103 cu un num\u0103r de telefon de contact.<\/p>\n<p>\u201eHaide\u021bi s\u0103 oferim acest dar! S\u0103 o facem pentru copiii din Rom\u00e2nia! \u00cen ziua de 1 februarie, de ZICI 2018, s\u0103 oferim pentru c\u00e2t mai mul\u0163i copii \u0219ansa de a se \u00eendr\u0103gosti de lectur\u0103 \u0219i de c\u0103r\u021bi. S\u0103 citim \u00eempreun\u0103 cu c\u00e2t mai mul\u021bi copii, s\u0103 citim c\u0103r\u021bi frumoase \u00een moduri atractive. Pentru c\u0103 atunci c\u00e2nd facem asta, c\u00e2nd citim \u00eempreun\u0103, schimb\u0103m lumea?&#8221;<\/p>","excerpt":"","slug":"ziua-internationala-a-cititului-impreuna-zici-2018","image":{"url":"https:\/\/cdn.cluj.com\/ghidlocalcom\/sites\/6\/2018\/01\/36787_image_26850231_1967130796835203_4122477184288135424_o.jpg","id":36788,"extension":"jpg","width":720,"height":498,"sizes":{"thumbnail":{"width":150,"height":150,"mime-type":"image\/jpeg","url":"https:\/\/cdn.cluj.com\/ghidlocalcom\/sites\/6\/2018\/01\/36787_image_26850231_1967130796835203_4122477184288135424_o-150x150.jpg"},"medium":{"width":320,"height":240,"mime-type":"image\/jpeg","url":"https:\/\/cdn.cluj.com\/ghidlocalcom\/sites\/6\/2018\/01\/36787_image_26850231_1967130796835203_4122477184288135424_o-320x240.jpg"},"parteneri-logo":{"width":180,"height":180,"mime-type":"image\/jpeg","url":"https:\/\/cdn.cluj.com\/ghidlocalcom\/sites\/6\/2018\/01\/36787_image_26850231_1967130796835203_4122477184288135424_o-180x180.jpg"},"event-thumb":{"width":270,"height":180,"mime-type":"image\/jpeg","url":"https:\/\/cdn.cluj.com\/ghidlocalcom\/sites\/6\/2018\/01\/36787_image_26850231_1967130796835203_4122477184288135424_o-270x180.jpg"},"loop-thumb":{"width":360,"height":270,"mime-type":"image\/jpeg","url":"https:\/\/cdn.cluj.com\/ghidlocalcom\/sites\/6\/2018\/01\/36787_image_26850231_1967130796835203_4122477184288135424_o-360x270.jpg"},"featured-thumb":{"width":640,"height":480,"mime-type":"image\/jpeg","url":"https:\/\/cdn.cluj.com\/ghidlocalcom\/sites\/6\/2018\/01\/36787_image_26850231_1967130796835203_4122477184288135424_o-640x480.jpg"},"single-featured":{"width":720,"height":380,"mime-type":"image\/jpeg","url":"https:\/\/cdn.cluj.com\/ghidlocalcom\/sites\/6\/2018\/01\/36787_image_26850231_1967130796835203_4122477184288135424_o-720x380.jpg"},"large-featured":{"width":720,"height":480,"mime-type":"image\/jpeg","url":"https:\/\/cdn.cluj.com\/ghidlocalcom\/sites\/6\/2018\/01\/36787_image_26850231_1967130796835203_4122477184288135424_o-720x480.jpg"},"full-single":{"width":720,"height":420,"mime-type":"image\/jpeg","url":"https:\/\/cdn.cluj.com\/ghidlocalcom\/sites\/6\/2018\/01\/36787_image_26850231_1967130796835203_4122477184288135424_o-720x420.jpg"}}},"all_day":false,"start_date":"2018-02-01 18:00:00","start_date_details":{"year":"2018","month":"02","day":"01","hour":"18","minutes":"00","seconds":"00"},"end_date":"2018-02-01 19:30:00","end_date_details":{"year":"2018","month":"02","day":"01","hour":"19","minutes":"30","seconds":"00"},"utc_start_date":"2018-02-01 16:00:00","utc_start_date_details":{"year":"2018","month":"02","day":"01","hour":"16","minutes":"00","seconds":"00"},"utc_end_date":"2018-02-01 17:30:00","utc_end_date_details":{"year":"2018","month":"02","day":"01","hour":"17","minutes":"30","seconds":"00"},"timezone":"Europe\/Bucharest","timezone_abbr":"EET","cost":"","cost_details":{"currency_symbol":"","currency_position":"","values":[]},"website":"","show_map":true,"show_map_link":true,"hide_from_listings":false,"sticky":false,"featured":false,"categories":[{"name":"Cultural","slug":"cultural","term_group":0,"term_taxonomy_id":117,"taxonomy":"tribe_events_cat","description":"","parent":0,"count":392,"filter":"raw","id":117,"urls":{"self":"https:\/\/ghidlocal.com\/brasov\/wp-json\/tribe\/events\/v1\/categories\/117","collection":"https:\/\/ghidlocal.com\/brasov\/wp-json\/tribe\/events\/v1\/categories"}}],"tags":[],"venue":{"id":25570,"status":"publish","date":"2017-10-09 11:07:06","date_utc":"2017-10-09 08:07:06","modified":"2017-10-09 11:07:06","modified_utc":"2017-10-09 08:07:06","url":"https:\/\/ghidlocal.com\/brasov\/loc-de-intalnire\/casa-junilor-2\/","venue":"Casa Junilor","slug":"casa-junilor-2","address":"Prundului 1","city":"Brasov","country":"RO","zip":"500123","geo_lat":45.6359473,"geo_lng":25.5805872,"json_ld":{"@type":"Place","name":"Casa Junilor","description":"","url":"https:\/\/ghidlocal.com\/brasov\/loc-de-intalnire\/casa-junilor-2\/","address":{"@type":"PostalAddress","streetAddress":"Prundului 1","addressLocality":"Brasov","postalCode":"500123","addressCountry":"RO"},"geo":{"@type":"GeoCoordinates","latitude":45.6359473,"longitude":25.5805872},"telephone":"","sameAs":""},"show_map":true,"show_map_link":true,"global_id":"ghidlocal.com\/brasov?id=25570","global_id_lineage":["ghidlocal.com\/brasov?id=25570"]},"organizer":[{"id":25569,"status":"publish","date":"2017-10-09 11:07:06","date_utc":"2017-10-09 08:07:06","modified":"2017-10-09 11:07:06","modified_utc":"2017-10-09 08:07:06","url":"https:\/\/ghidlocal.com\/brasov\/organizator\/casa-junilor-2\/","organizer":"Casa Junilor","slug":"casa-junilor-2","website":"https:\/\/www.facebook.com\/casajunilor\/","json_ld":{"@type":"Person","name":"Casa Junilor","description":"","url":"https:\/\/ghidlocal.com\/brasov\/organizator\/casa-junilor-2\/","telephone":"","email":"","sameAs":"https:\/\/www.facebook.com\/casajunilor\/"},"global_id":"ghidlocal.com\/brasov?id=25569","global_id_lineage":["ghidlocal.com\/brasov?id=25569"]}],"json_ld":{"@context":"http:\/\/schema.org","@type":"Event","name":"Ziua Interna\u021bional\u0103 a Cititului \u00cempreun\u0103 (ZICI) 2018","description":"&lt;p&gt;\u00cen data de 1 februarie 2018, Citim \u00cempreun\u0103 Rom\u00e2nia (CIR) va celebra Ziua Interna\u0163ional\u0103 a Cititului \u00cempreun\u0103 (ZICI) \u00een Rom\u00e2nia, un eveniment global marcat de milioane de oameni \u00een peste 100 de \u021b\u0103ri, organizat de c\u0103tre Lit World (http:\/\/www.litworld.org\/). Dragostea de lectur\u0103 \u0219i de c\u0103r\u021bi este unul dintre cele mai mari daruri pe care orice&hellip;&lt;\/p&gt;\\n","image":"https:\/\/cdn.cluj.com\/ghidlocalcom\/sites\/6\/2018\/01\/36787_image_26850231_1967130796835203_4122477184288135424_o.jpg","url":"https:\/\/ghidlocal.com\/brasov\/eveniment\/ziua-internationala-a-cititului-impreuna-zici-2018\/","startDate":"2018-02-01T18:00:00+02:00","endDate":"2018-02-01T19:30:00+02:00","location":{"@type":"Place","name":"Casa Junilor","description":"","url":"https:\/\/ghidlocal.com\/brasov\/loc-de-intalnire\/casa-junilor-2\/","address":{"@type":"PostalAddress","streetAddress":"Prundului 1","addressLocality":"Brasov","postalCode":"500123","addressCountry":"RO"},"geo":{"@type":"GeoCoordinates","latitude":45.6359473,"longitude":25.5805872},"telephone":"","sameAs":""},"organizer":{"@type":"Person","name":"Casa Junilor","description":"","url":"https:\/\/ghidlocal.com\/brasov\/organizator\/casa-junilor-2\/","telephone":"","email":"","sameAs":"https:\/\/www.facebook.com\/casajunilor\/"},"performer":"Organization"}}