{"id":25709,"global_id":"ghidlocal.com\/brasov?id=25709","global_id_lineage":["ghidlocal.com\/brasov?id=25709"],"author":"23","status":"publish","date":"2017-10-12 10:45:31","date_utc":"2017-10-12 07:45:31","modified":"2017-10-12 10:45:31","modified_utc":"2017-10-12 07:45:31","url":"https:\/\/ghidlocal.com\/brasov\/eveniment\/radiografia-emotionala\/","rest_url":"https:\/\/ghidlocal.com\/brasov\/wp-json\/tribe\/events\/v1\/events\/25709","title":"Radiografia Emo\u021bional\u0103","description":"<p>Atelierul poart\u0103 denumirea de \u201eRADIOGRAFIA EMO\u021aIONAL\u0102\u201c \u00eentruc\u00e2t putem spune despre pictura pe ap\u0103 (tehnica EBRU) c\u0103 este at\u00e2t art\u0103, c\u00e2t \u0219i terapie \u00een sine, iar asta pentru c\u0103 desenul \u0219i culorile alese exprim\u0103 starea emo\u021bional\u0103 din momentul ACUM. Altfel spus, copiii descoper\u0103 la atelier starea de creativitate stimulat\u0103 de muzic\u0103 \u0219i exerci\u021bii de relaxare, dar \u0219i \u00eencredere \u00een sine prin stap\u00e2nirea mi\u0219c\u0103rii culorilor pe ap\u0103.<br \/>\nTehnica EBRU provine din Turcia \u0219i este descris\u0103 ca fiind un dans al culorilor \u00eentr-o ap\u0103 special\u0103. Detalii\u0219i \u00eenscrieri aici:<br \/>\nhttp:\/\/floareamintii.ro\/curs\/atelierul-radiografia-emotionala-pictura-pe-apa-7-13-ani-brasov\/<\/p>","excerpt":"","slug":"radiografia-emotionala","image":{"url":"https:\/\/cdn.cluj.com\/ghidlocalcom\/sites\/6\/2017\/10\/25709_image_22384420_124653868249392_6419032804097398285_o.jpg","id":25710,"extension":"jpg","width":720,"height":405,"sizes":{"thumbnail":{"width":150,"height":150,"mime-type":"image\/jpeg","url":"https:\/\/cdn.cluj.com\/ghidlocalcom\/sites\/6\/2017\/10\/25709_image_22384420_124653868249392_6419032804097398285_o-150x150.jpg"},"medium":{"width":320,"height":240,"mime-type":"image\/jpeg","url":"https:\/\/cdn.cluj.com\/ghidlocalcom\/sites\/6\/2017\/10\/25709_image_22384420_124653868249392_6419032804097398285_o-320x240.jpg"},"parteneri-logo":{"width":180,"height":180,"mime-type":"image\/jpeg","url":"https:\/\/cdn.cluj.com\/ghidlocalcom\/sites\/6\/2017\/10\/25709_image_22384420_124653868249392_6419032804097398285_o-180x180.jpg"},"event-thumb":{"width":270,"height":180,"mime-type":"image\/jpeg","url":"https:\/\/cdn.cluj.com\/ghidlocalcom\/sites\/6\/2017\/10\/25709_image_22384420_124653868249392_6419032804097398285_o-270x180.jpg"},"loop-thumb":{"width":360,"height":270,"mime-type":"image\/jpeg","url":"https:\/\/cdn.cluj.com\/ghidlocalcom\/sites\/6\/2017\/10\/25709_image_22384420_124653868249392_6419032804097398285_o-360x270.jpg"},"featured-thumb":{"width":640,"height":405,"mime-type":"image\/jpeg","url":"https:\/\/cdn.cluj.com\/ghidlocalcom\/sites\/6\/2017\/10\/25709_image_22384420_124653868249392_6419032804097398285_o-640x405.jpg"},"single-featured":{"width":720,"height":380,"mime-type":"image\/jpeg","url":"https:\/\/cdn.cluj.com\/ghidlocalcom\/sites\/6\/2017\/10\/25709_image_22384420_124653868249392_6419032804097398285_o-720x380.jpg"}}},"all_day":false,"start_date":"2017-10-14 16:00:00","start_date_details":{"year":"2017","month":"10","day":"14","hour":"16","minutes":"00","seconds":"00"},"end_date":"2017-10-15 13:00:00","end_date_details":{"year":"2017","month":"10","day":"15","hour":"13","minutes":"00","seconds":"00"},"utc_start_date":"2017-10-14 13:00:00","utc_start_date_details":{"year":"2017","month":"10","day":"14","hour":"13","minutes":"00","seconds":"00"},"utc_end_date":"2017-10-15 10:00:00","utc_end_date_details":{"year":"2017","month":"10","day":"15","hour":"10","minutes":"00","seconds":"00"},"timezone":"Europe\/Bucharest","timezone_abbr":"EEST","cost":"","cost_details":{"currency_symbol":"","currency_position":"","values":[]},"website":"http:\/\/floareamintii.ro\/","show_map":true,"show_map_link":true,"hide_from_listings":false,"sticky":false,"featured":false,"categories":[{"name":"Ateliere Brasov","slug":"ateliere-brasov","term_group":0,"term_taxonomy_id":110,"taxonomy":"tribe_events_cat","description":"","parent":0,"count":446,"filter":"raw","id":110,"urls":{"self":"https:\/\/ghidlocal.com\/brasov\/wp-json\/tribe\/events\/v1\/categories\/110","collection":"https:\/\/ghidlocal.com\/brasov\/wp-json\/tribe\/events\/v1\/categories"}}],"tags":[],"venue":{"id":25708,"author":"23","status":"publish","date":"2017-10-12 10:45:30","date_utc":"2017-10-12 07:45:30","modified":"2017-10-12 10:45:30","modified_utc":"2017-10-12 07:45:30","url":"https:\/\/ghidlocal.com\/brasov\/loc-de-intalnire\/floarea-mintii\/","venue":"Floarea Min\u021bii","slug":"floarea-mintii","address":"Strada Lung\u0103 250","city":"Brasov","country":"RO","geo_lat":45.6632051,"geo_lng":25.5784406,"json_ld":{"@type":"Place","name":"Floarea Min\u021bii","description":"","url":"https:\/\/ghidlocal.com\/brasov\/loc-de-intalnire\/floarea-mintii\/","address":{"@type":"PostalAddress","streetAddress":"Strada Lung\u0103 250","addressLocality":"Brasov","addressCountry":"RO"},"geo":{"@type":"GeoCoordinates","latitude":45.6632051,"longitude":25.5784406},"telephone":"","sameAs":""},"show_map":true,"show_map_link":true,"global_id":"ghidlocal.com\/brasov?id=25708","global_id_lineage":["ghidlocal.com\/brasov?id=25708"]},"organizer":[{"id":25707,"author":"23","status":"publish","date":"2017-10-12 10:45:30","date_utc":"2017-10-12 07:45:30","modified":"2017-10-12 10:45:30","modified_utc":"2017-10-12 07:45:30","url":"https:\/\/ghidlocal.com\/brasov\/organizator\/floarea-mintii\/","organizer":"Floarea Min\u021bii","slug":"floarea-mintii","website":"https:\/\/www.facebook.com\/floareamintii.ro\/","json_ld":{"@type":"Person","name":"Floarea Min\u021bii","description":"","url":"https:\/\/ghidlocal.com\/brasov\/organizator\/floarea-mintii\/","telephone":"","email":"","sameAs":"https:\/\/www.facebook.com\/floareamintii.ro\/"},"global_id":"ghidlocal.com\/brasov?id=25707","global_id_lineage":["ghidlocal.com\/brasov?id=25707"]}],"json_ld":{"@context":"http:\/\/schema.org","@type":"Event","name":"Radiografia Emo\u021bional\u0103","description":"&lt;p&gt;Atelierul poart\u0103 denumirea de \u201eRADIOGRAFIA EMO\u021aIONAL\u0102\u201c \u00eentruc\u00e2t putem spune despre pictura pe ap\u0103 (tehnica EBRU) c\u0103 este at\u00e2t art\u0103, c\u00e2t \u0219i terapie \u00een sine, iar asta pentru c\u0103 desenul \u0219i culorile alese exprim\u0103 starea emo\u021bional\u0103 din momentul ACUM. Altfel spus, copiii descoper\u0103 la atelier starea de creativitate stimulat\u0103 de muzic\u0103 \u0219i exerci\u021bii de relaxare, dar&hellip;&lt;\/p&gt;\\n","image":"https:\/\/cdn.cluj.com\/ghidlocalcom\/sites\/6\/2017\/10\/25709_image_22384420_124653868249392_6419032804097398285_o.jpg","url":"https:\/\/ghidlocal.com\/brasov\/eveniment\/radiografia-emotionala\/","startDate":"2017-10-14T16:00:00+03:00","endDate":"2017-10-15T13:00:00+03:00","location":{"@type":"Place","name":"Floarea Min\u021bii","description":"","url":"https:\/\/ghidlocal.com\/brasov\/loc-de-intalnire\/floarea-mintii\/","address":{"@type":"PostalAddress","streetAddress":"Strada Lung\u0103 250","addressLocality":"Brasov","addressCountry":"RO"},"geo":{"@type":"GeoCoordinates","latitude":45.6632051,"longitude":25.5784406},"telephone":"","sameAs":""},"organizer":{"@type":"Person","name":"Floarea Min\u021bii","description":"","url":"https:\/\/ghidlocal.com\/brasov\/organizator\/floarea-mintii\/","telephone":"","email":"","sameAs":"https:\/\/www.facebook.com\/floareamintii.ro\/"},"performer":"Organization"}}