{"id":13012,"global_id":"ghidlocal.com\/brasov?id=13012","global_id_lineage":["ghidlocal.com\/brasov?id=13012"],"author":"2","status":"publish","date":"2017-05-26 09:55:30","date_utc":"2017-05-26 06:55:30","modified":"2017-06-01 10:02:09","modified_utc":"2017-06-01 07:02:09","url":"https:\/\/ghidlocal.com\/brasov\/eveniment\/expozitie-george-rosu\/2017-06-06\/","rest_url":"https:\/\/ghidlocal.com\/brasov\/wp-json\/tribe\/events\/v1\/events\/13012","title":"Vernisaj \u201eStudiu pentru clape \u0219i capcane\u201d &#8211; George Ro\u0219u","description":"<p>Mi s-a p\u0103rut cel pu\u0163in nedrept, dac\u0103 nu chiar ciudat, c\u0103 \u201eto play the piano\u201d se traduce \u201ea c\u00e2nta la pian\u201d \u015fi \u201eto play a game\u201d e \u201e a juca un joc\u201d. E nedrept c\u0103 nu sunt sinonime \u015fi \u00een limba rom\u00e2n\u0103. Acel \u201eto play\u201d a fost unul dintre punctele de plecare pentru prima serie de desene dintr-un festival de muzic\u0103 clasic\u0103.<br \/>\nPoate c\u0103 pe acel \u201eto play\u201d l-am ales pentru c\u0103 nu \u00eemi place arta care se ia prea \u00een serios, dar \u00eemi place c\u00e2nd e luat\u0103 destul de \u00een serios. R\u0103m\u00e2ne de v\u0103zut care, c\u00e2nd \u015fi c\u00e2t.<br \/>\nUn alt punct de plecare a fost o situa\u0163ie tot mai des \u00eent\u00e2lnit\u0103 \u00een lumea artei: validarea lucr\u0103rii de art\u0103 \u015fi implicit a artistului \u00een contextul special creat pentru asta. Sun\u0103 preten\u0163ios, dar de fapt e ceva banal. Mi-am luat aceast\u0103 banalitate ca tem\u0103 de lucru.<br \/>\nDe altfel, cea de-a doua parte a expozi\u0163iei reune\u0219te o selec\u0163ie de lucr\u0103ri \u201edeja validate\u201d.<\/p>","excerpt":"","slug":"expozitie-george-rosu","image":{"url":"https:\/\/cdn.cluj.com\/ghidlocalcom\/sites\/6\/2017\/05\/e66f24d05e1f5360c5a489ff964a582f.jpg","id":13013,"extension":"jpg","width":720,"height":273,"sizes":{"thumbnail":{"width":150,"height":150,"mime-type":"image\/jpeg","url":"https:\/\/cdn.cluj.com\/ghidlocalcom\/sites\/6\/2017\/05\/e66f24d05e1f5360c5a489ff964a582f-150x150.jpg"},"medium":{"width":320,"height":240,"mime-type":"image\/jpeg","url":"https:\/\/cdn.cluj.com\/ghidlocalcom\/sites\/6\/2017\/05\/e66f24d05e1f5360c5a489ff964a582f-320x240.jpg"},"parteneri-logo":{"width":180,"height":180,"mime-type":"image\/jpeg","url":"https:\/\/cdn.cluj.com\/ghidlocalcom\/sites\/6\/2017\/05\/e66f24d05e1f5360c5a489ff964a582f-180x180.jpg"},"event-thumb":{"width":270,"height":180,"mime-type":"image\/jpeg","url":"https:\/\/cdn.cluj.com\/ghidlocalcom\/sites\/6\/2017\/05\/e66f24d05e1f5360c5a489ff964a582f-270x180.jpg"},"loop-thumb":{"width":360,"height":270,"mime-type":"image\/jpeg","url":"https:\/\/cdn.cluj.com\/ghidlocalcom\/sites\/6\/2017\/05\/e66f24d05e1f5360c5a489ff964a582f-360x270.jpg"},"featured-thumb":{"width":640,"height":273,"mime-type":"image\/jpeg","url":"https:\/\/cdn.cluj.com\/ghidlocalcom\/sites\/6\/2017\/05\/e66f24d05e1f5360c5a489ff964a582f-640x273.jpg"}}},"all_day":false,"start_date":"2017-06-06 10:00:00","start_date_details":{"year":"2017","month":"06","day":"06","hour":"10","minutes":"00","seconds":"00"},"end_date":"2017-06-06 22:00:00","end_date_details":{"year":"2017","month":"06","day":"06","hour":"22","minutes":"00","seconds":"00"},"utc_start_date":"2017-06-06 07:00:00","utc_start_date_details":{"year":"2017","month":"06","day":"06","hour":"07","minutes":"00","seconds":"00"},"utc_end_date":"2017-06-06 19:00:00","utc_end_date_details":{"year":"2017","month":"06","day":"06","hour":"19","minutes":"00","seconds":"00"},"timezone":"UTC+3","timezone_abbr":"","cost":"","cost_details":{"currency_symbol":"","currency_position":"suffix","values":[]},"website":"https:\/\/www.facebook.com\/events\/441748376201078","show_map":true,"show_map_link":true,"hide_from_listings":false,"sticky":false,"featured":false,"categories":[],"tags":[],"venue":{"id":11510,"author":"23","status":"publish","date":"2017-05-05 15:03:02","date_utc":"2017-05-05 12:03:02","modified":"2017-08-28 09:18:40","modified_utc":"2017-08-28 06:18:40","url":"https:\/\/ghidlocal.com\/brasov\/loc-de-intalnire\/centrul-multicultural-al-universitatii-transilvania-din-brasov\/","venue":"Centrul Multicultural al Universit\u0103\u021bii Transilvania din Bra\u0219ov","slug":"centrul-multicultural-al-universitatii-transilvania-din-brasov","address":"Bd. Eroilor 29, parter Rectorat UTBv","city":"Brasov","country":"Romania","zip":"500036","geo_lat":45.6451546,"geo_lng":25.5891184,"json_ld":{"@type":"Place","name":"Centrul Multicultural al Universit\u0103\u021bii Transilvania din Bra\u0219ov","description":"","url":"https:\/\/ghidlocal.com\/brasov\/loc-de-intalnire\/centrul-multicultural-al-universitatii-transilvania-din-brasov\/","address":{"@type":"PostalAddress","streetAddress":"Bd. Eroilor 29, parter Rectorat UTBv","addressLocality":"Brasov","postalCode":"500036","addressCountry":"Romania"},"geo":{"@type":"GeoCoordinates","latitude":45.6451546,"longitude":25.5891184},"telephone":"0","sameAs":""},"show_map":false,"show_map_link":false,"global_id":"ghidlocal.com\/brasov?id=11510","global_id_lineage":["ghidlocal.com\/brasov?id=11510"]},"organizer":[{"id":11511,"author":"23","status":"publish","date":"2017-05-05 15:03:03","date_utc":"2017-05-05 12:03:03","modified":"2017-07-03 12:49:46","modified_utc":"2017-07-03 09:49:46","url":"https:\/\/ghidlocal.com\/brasov\/organizator\/centrul-multicultural-al-universitatii-transilvania-din-brasov\/","organizer":"Centrul Multicultural al Universit\u0103\u021bii Transilvania din Bra\u0219ov","slug":"centrul-multicultural-al-universitatii-transilvania-din-brasov","json_ld":{"@type":"Person","name":"Centrul Multicultural al Universit\u0103\u021bii Transilvania din Bra\u0219ov","description":"","url":"https:\/\/ghidlocal.com\/brasov\/organizator\/centrul-multicultural-al-universitatii-transilvania-din-brasov\/","telephone":"","email":"","sameAs":""},"global_id":"ghidlocal.com\/brasov?id=11511","global_id_lineage":["ghidlocal.com\/brasov?id=11511"]}],"json_ld":{"@context":"http:\/\/schema.org","@type":"Event","name":"Vernisaj \u201eStudiu pentru clape \u0219i capcane\u201d &#8211; George Ro\u0219u","description":"&lt;p&gt;Mi s-a p\u0103rut cel pu\u0163in nedrept, dac\u0103 nu chiar ciudat, c\u0103 \u201eto play the piano\u201d se traduce \u201ea c\u00e2nta la pian\u201d \u015fi \u201eto play a game\u201d e \u201e a juca un joc\u201d. E nedrept c\u0103 nu sunt sinonime \u015fi \u00een limba rom\u00e2n\u0103. Acel \u201eto play\u201d a fost unul dintre punctele de plecare pentru prima serie&hellip;&lt;\/p&gt;\\n","image":"https:\/\/cdn.cluj.com\/ghidlocalcom\/sites\/6\/2017\/05\/e66f24d05e1f5360c5a489ff964a582f.jpg","url":"https:\/\/ghidlocal.com\/brasov\/eveniment\/expozitie-george-rosu\/2017-06-06\/","startDate":"2017-06-06T10:00:00+03:00","endDate":"2017-06-06T22:00:00+03:00","location":{"@type":"Place","name":"Centrul Multicultural al Universit\u0103\u021bii Transilvania din Bra\u0219ov","description":"","url":"https:\/\/ghidlocal.com\/brasov\/loc-de-intalnire\/centrul-multicultural-al-universitatii-transilvania-din-brasov\/","address":{"@type":"PostalAddress","streetAddress":"Bd. Eroilor 29, parter Rectorat UTBv","addressLocality":"Brasov","postalCode":"500036","addressCountry":"Romania"},"geo":{"@type":"GeoCoordinates","latitude":45.6451546,"longitude":25.5891184},"telephone":"0","sameAs":""},"organizer":{"@type":"Person","name":"Centrul Multicultural al Universit\u0103\u021bii Transilvania din Bra\u0219ov","description":"","url":"https:\/\/ghidlocal.com\/brasov\/organizator\/centrul-multicultural-al-universitatii-transilvania-din-brasov\/","telephone":"","email":"","sameAs":""},"performer":"Organization"}}